{"id":506,"date":"2023-09-13T08:00:00","date_gmt":"2023-09-13T06:00:00","guid":{"rendered":"https:\/\/www.fontegaiatour.it\/blog\/?p=506"},"modified":"2023-12-06T06:44:14","modified_gmt":"2023-12-06T05:44:14","slug":"viaggio-di-lavoro-in-germania-quando-il-dovere-diventa-una-festa","status":"publish","type":"post","link":"https:\/\/fontegaiatour.it\/blog\/viaggio-di-lavoro-in-germania-quando-il-dovere-diventa-una-festa\/","title":{"rendered":"Viaggio di lavoro in Germania: quando il dovere diventa una festa!"},"content":{"rendered":"\n<p>Quando parti per un viaggio in auto per incontrare i tuoi colleghi in Germania, un viaggio che dovrebbe durare otto ore e invece a causa del traffico, della pioggia e di tutti gli imprevisti possibili si trasforma in un\u2019epopea di 12 ore, non immagini che ad attenderti c\u2019\u00e8 <strong>una festa<\/strong>!&nbsp;<\/p>\n\n\n\n<p>Ma facciamo un passo indietro per raccontarvi dall\u2019inizio questa esperienza!<\/p>\n\n\n\n<h2 class=\"wp-block-heading\">Perch\u00e9 \u00e8 importante viaggiare per noi travel planner?<\/h2>\n\n\n\n<p>Ci capita spesso di viaggiare per lavoro, per incontrare personalmente i nostri partners locali. <strong>Lo scopo \u00e8 \u201ctastare con mano\u201d quello che sar\u00e0 il vostro viaggio<\/strong>, a partire dai luoghi, dalle esperienze, dalla gastronomia, dall\u2019organizzazione migliore delle tappe. Oppure <strong>la scelta dei migliori \u201ccampi base\u201d<\/strong>, come ci piace chiamare le sistemazioni!<\/p>\n\n\n\n<p>Generalmente sappiamo quale \u00e8 il programma, dove dormiremo, di cosa dobbiamo parlare\u2026 ma questa volta tutto \u00e9 stato una sorpresa, una divertente, spassosa sorpresa!<\/p>\n\n\n\n<figure class=\"wp-block-image size-full\"><img data-attachment-id=\"517\" data-permalink=\"https:\/\/fontegaiatour.it\/blog\/viaggio-di-lavoro-in-germania-quando-il-dovere-diventa-una-festa\/pexels-photo-415687\/\" data-orig-file=\"https:\/\/i0.wp.com\/fontegaiatour.it\/blog\/wp-content\/uploads\/pexels-photo-415687.jpeg?fit=1880%2C1186&amp;ssl=1\" data-orig-size=\"1880,1186\" data-comments-opened=\"1\" data-image-meta=\"{&quot;aperture&quot;:&quot;0&quot;,&quot;credit&quot;:&quot;&quot;,&quot;camera&quot;:&quot;&quot;,&quot;caption&quot;:&quot;Photo by Pixabay on &lt;a href=\\&quot;https:\\\/\\\/www.pexels.com\\\/photo\\\/apartment-architecture-city-colorful-415687\\\/\\&quot; rel=\\&quot;nofollow\\&quot;&gt;Pexels.com&lt;\\\/a&gt;&quot;,&quot;created_timestamp&quot;:&quot;0&quot;,&quot;copyright&quot;:&quot;&quot;,&quot;focal_length&quot;:&quot;0&quot;,&quot;iso&quot;:&quot;0&quot;,&quot;shutter_speed&quot;:&quot;0&quot;,&quot;title&quot;:&quot;apartment architecture city colorful&quot;,&quot;orientation&quot;:&quot;0&quot;}\" data-image-title=\"pexels-photo-415687\" data-image-description=\"\" data-image-caption=\"&lt;p&gt;Photo by Pixabay on &lt;a href=&quot;https:\/\/www.pexels.com\/photo\/apartment-architecture-city-colorful-415687\/&quot; rel=&quot;nofollow&quot;&gt;Pexels.com&lt;\/a&gt;&lt;\/p&gt;\n\" data-medium-file=\"https:\/\/i0.wp.com\/fontegaiatour.it\/blog\/wp-content\/uploads\/pexels-photo-415687.jpeg?fit=300%2C189&amp;ssl=1\" data-large-file=\"https:\/\/i0.wp.com\/fontegaiatour.it\/blog\/wp-content\/uploads\/pexels-photo-415687.jpeg?fit=760%2C479&amp;ssl=1\" decoding=\"async\" loading=\"lazy\" width=\"760\" height=\"479\" src=\"https:\/\/i0.wp.com\/www.fontegaiatour.it\/blog\/wp-content\/uploads\/pexels-photo-415687.jpeg?resize=760%2C479&#038;ssl=1\" alt=\"germany\" class=\"wp-image-517\" srcset=\"https:\/\/i0.wp.com\/fontegaiatour.it\/blog\/wp-content\/uploads\/pexels-photo-415687.jpeg?w=1880&amp;ssl=1 1880w, https:\/\/i0.wp.com\/fontegaiatour.it\/blog\/wp-content\/uploads\/pexels-photo-415687.jpeg?resize=300%2C189&amp;ssl=1 300w, https:\/\/i0.wp.com\/fontegaiatour.it\/blog\/wp-content\/uploads\/pexels-photo-415687.jpeg?resize=1024%2C646&amp;ssl=1 1024w, https:\/\/i0.wp.com\/fontegaiatour.it\/blog\/wp-content\/uploads\/pexels-photo-415687.jpeg?resize=768%2C484&amp;ssl=1 768w, https:\/\/i0.wp.com\/fontegaiatour.it\/blog\/wp-content\/uploads\/pexels-photo-415687.jpeg?resize=1536%2C969&amp;ssl=1 1536w\" sizes=\"(max-width: 760px) 100vw, 760px\" data-recalc-dims=\"1\" \/><figcaption class=\"wp-element-caption\"><em>Germany on <a href=\"https:\/\/www.pexels.com\/photo\/apartment-architecture-city-colorful-415687\/\" rel=\"nofollow\">Pexels.com<\/a><\/em><\/figcaption><\/figure>\n\n\n\n<h2 class=\"wp-block-heading\">Odissea verso la Germania!<\/h2>\n\n\n\n<p>Siamo stati invitati in Germania alla <strong>festa<\/strong> <strong>in onore del 75esimo anno di attivit\u00e0 di un\u2019Agenzia tedesca con la quale collaboriamo da tempo,<\/strong> situata in un piccolo pesino bavarese nei pressi di Norimberga. Lo abbiamo saputo pochi giorni prima! Eravamo impegnati in un sopralluogo in montagna e tra il giorno del nostro ritorno e quello della festa c\u2019era soltanto\u2026 un giorno! Dunque non abbiamo trovato un volo comodo, n\u00e9 abbiamo avuto tempo di prenotare un hotel. Senza perderci d\u2019animo siamo partiti con la nostra macchina camperizzata alla volta della destinazione!<\/p>\n\n\n\n<p>Al momento della partenza eravamo super carichi, armati di bomboloni, cappuccino, cartone di pizza per il pranzo e musica a palla!&nbsp;Poi le code interminabili, il meteo avverso, la ricerca di un campeggio disponibile ed infine il navigatore che faceva le bizze e che ci ha portato a destinazione attraverso una strada in mezzo ad un bosco in stile film dell\u2019orrore, hanno affievolito la nostra carica!<\/p>\n\n\n\n<p>Giunti al campeggio ormai chiuso, impazienti di arrivare, mangiare e fare una doccia, non \u00e8 finita l\u00ec! Ci attendevano la caccia al tesoro per cercare le chiavi del cancello automatico e successivamente la piazzola, il cui numero era nascosto dall\u2019erba! Alla fine siamo riusciti nell\u2019impresa, a questo punto cos\u2019altro poteva succedere?! Lo stomaco iniziava a gorgogliare, ma era tutto chiuso, era buio pesto, pioveva ed il cielo era illuminato soltanto dai lampi.&nbsp;<\/p>\n\n\n\n<p>Siamo usciti dal campeggio e come un miraggio, dalla parte opposta dell\u2019arrivo, abbiamo visto una sorta di ristorante. Appena siamo giunti di fronte, i ristoratori ci hanno detto che era chiuso! Li abbiamo pregati di poter mangiare qualsiasi cosa fosse disponibile e sono stati cos\u00ec gentili da accontentarci. La pietanza che ci hanno servito, per\u00f2, non era un succulento wurstel bavarese, ma una tagliata di cipolle all\u2019aceto con una fetta di pane scuro che si sono riproposti durante tutta la notte! Cos\u00ec si \u00e8 chiusa la prima giornata con un viaggio epico che adesso ricordiamo sorridendo.<\/p>\n\n\n\n<h2 class=\"wp-block-heading\">Secondo giorno in Germania: la festa!<\/h2>\n\n\n\n<p>Il giorno dopo ci siamo svegliati presto per raggiungere il luogo dove si sarebbe svolta la festa.&nbsp;Il navigatore ci ha condotto di fronte ad un Luna Park ma questa volta non si sbagliava! Alla fine del <strong>Luna Park <\/strong>c\u2019era un enorme ingresso collocato davanti ad un immenso tendone dal quale proveniva musica tedesca.&nbsp;<\/p>\n\n\n\n<p>Ci siamo guardati stupiti, siamo entrati e\u2026 <strong>\u00e8 stato come essere catapultati all\u2019Oktoberfest un paio di mesi in anticipo<\/strong>! Sotto al tendone file interminabili di tavoli dove le persone, molte delle quali indossavano il costume tipico della zona, erano sedute di fronte a piatti colmi di wurstel, patatine, polli arrosto, Schnitzel e birra! E camerieri, sempre abbigliati con il costume tipico,&nbsp;giravano tra i tavoli portando vassoi enormi e cinture con attaccate bevande come il succo di mela gassato!&nbsp;<\/p>\n\n\n\n<div data-carousel-extra='{\"blog_id\":1,\"permalink\":\"https:\\\/\\\/fontegaiatour.it\\\/blog\\\/viaggio-di-lavoro-in-germania-quando-il-dovere-diventa-una-festa\\\/\"}'  class=\"wp-block-jetpack-tiled-gallery aligncenter is-style-rectangular\"><div class=\"tiled-gallery__gallery\"><div class=\"tiled-gallery__row\"><div class=\"tiled-gallery__col\" style=\"flex-basis:65.41044%\"><figure class=\"tiled-gallery__item\"><img data-attachment-id=\"510\" data-permalink=\"https:\/\/fontegaiatour.it\/blog\/viaggio-di-lavoro-in-germania-quando-il-dovere-diventa-una-festa\/image1_modificata\/\" data-orig-file=\"https:\/\/i0.wp.com\/fontegaiatour.it\/blog\/wp-content\/uploads\/image1_modificata.jpg?fit=828%2C578&amp;ssl=1\" data-orig-size=\"828,578\" data-comments-opened=\"1\" data-image-meta=\"{&quot;aperture&quot;:&quot;0&quot;,&quot;credit&quot;:&quot;&quot;,&quot;camera&quot;:&quot;&quot;,&quot;caption&quot;:&quot;&quot;,&quot;created_timestamp&quot;:&quot;0&quot;,&quot;copyright&quot;:&quot;&quot;,&quot;focal_length&quot;:&quot;0&quot;,&quot;iso&quot;:&quot;0&quot;,&quot;shutter_speed&quot;:&quot;0&quot;,&quot;title&quot;:&quot;&quot;,&quot;orientation&quot;:&quot;1&quot;}\" data-image-title=\"Germania 2023\" data-image-description=\"\" data-image-caption=\"&lt;p&gt;Germania 2023&lt;\/p&gt;\n\" data-medium-file=\"https:\/\/i0.wp.com\/fontegaiatour.it\/blog\/wp-content\/uploads\/image1_modificata.jpg?fit=300%2C209&amp;ssl=1\" data-large-file=\"https:\/\/i0.wp.com\/fontegaiatour.it\/blog\/wp-content\/uploads\/image1_modificata.jpg?fit=760%2C531&amp;ssl=1\" decoding=\"async\" data-attachment-id=\"510\" data-permalink=\"https:\/\/fontegaiatour.it\/blog\/viaggio-di-lavoro-in-germania-quando-il-dovere-diventa-una-festa\/image1_modificata\/\" data-orig-file=\"https:\/\/i0.wp.com\/fontegaiatour.it\/blog\/wp-content\/uploads\/image1_modificata.jpg?fit=828%2C578&amp;ssl=1\" data-orig-size=\"828,578\" data-comments-opened=\"1\" data-image-meta=\"{&quot;aperture&quot;:&quot;0&quot;,&quot;credit&quot;:&quot;&quot;,&quot;camera&quot;:&quot;&quot;,&quot;caption&quot;:&quot;&quot;,&quot;created_timestamp&quot;:&quot;0&quot;,&quot;copyright&quot;:&quot;&quot;,&quot;focal_length&quot;:&quot;0&quot;,&quot;iso&quot;:&quot;0&quot;,&quot;shutter_speed&quot;:&quot;0&quot;,&quot;title&quot;:&quot;&quot;,&quot;orientation&quot;:&quot;1&quot;}\" data-image-title=\"Germania 2023\" data-image-description=\"\" data-image-caption=\"&lt;p&gt;Germania 2023&lt;\/p&gt;\n\" data-medium-file=\"https:\/\/i0.wp.com\/fontegaiatour.it\/blog\/wp-content\/uploads\/image1_modificata.jpg?fit=300%2C209&amp;ssl=1\" data-large-file=\"https:\/\/i0.wp.com\/fontegaiatour.it\/blog\/wp-content\/uploads\/image1_modificata.jpg?fit=760%2C531&amp;ssl=1\" srcset=\"https:\/\/i2.wp.com\/www.fontegaiatour.it\/blog\/wp-content\/uploads\/image1_modificata.jpg?strip=info&#038;w=600&#038;ssl=1 600w,https:\/\/i2.wp.com\/www.fontegaiatour.it\/blog\/wp-content\/uploads\/image1_modificata.jpg?strip=info&#038;w=828&#038;ssl=1 828w\" alt=\"Germania 2023\" data-height=\"578\" data-id=\"510\" data-link=\"https:\/\/www.fontegaiatour.it\/blog\/?attachment_id=510\" data-url=\"https:\/\/www.fontegaiatour.it\/blog\/wp-content\/uploads\/image1_modificata.jpg\" data-width=\"828\" src=\"https:\/\/i2.wp.com\/www.fontegaiatour.it\/blog\/wp-content\/uploads\/image1_modificata.jpg?ssl=1\" data-amp-layout=\"responsive\"\/><\/figure><\/div><div class=\"tiled-gallery__col\" style=\"flex-basis:34.58956%\"><figure class=\"tiled-gallery__item\"><img data-attachment-id=\"511\" data-permalink=\"https:\/\/fontegaiatour.it\/blog\/viaggio-di-lavoro-in-germania-quando-il-dovere-diventa-una-festa\/image5\/\" data-orig-file=\"https:\/\/i0.wp.com\/fontegaiatour.it\/blog\/wp-content\/uploads\/image5.jpeg?fit=828%2C1095&amp;ssl=1\" data-orig-size=\"828,1095\" data-comments-opened=\"1\" data-image-meta=\"{&quot;aperture&quot;:&quot;0&quot;,&quot;credit&quot;:&quot;&quot;,&quot;camera&quot;:&quot;&quot;,&quot;caption&quot;:&quot;&quot;,&quot;created_timestamp&quot;:&quot;0&quot;,&quot;copyright&quot;:&quot;&quot;,&quot;focal_length&quot;:&quot;0&quot;,&quot;iso&quot;:&quot;0&quot;,&quot;shutter_speed&quot;:&quot;0&quot;,&quot;title&quot;:&quot;&quot;,&quot;orientation&quot;:&quot;1&quot;}\" data-image-title=\"Germania 2023\" data-image-description=\"\" data-image-caption=\"&lt;p&gt;Germania 2023&lt;\/p&gt;\n\" data-medium-file=\"https:\/\/i0.wp.com\/fontegaiatour.it\/blog\/wp-content\/uploads\/image5.jpeg?fit=227%2C300&amp;ssl=1\" data-large-file=\"https:\/\/i0.wp.com\/fontegaiatour.it\/blog\/wp-content\/uploads\/image5.jpeg?fit=760%2C1005&amp;ssl=1\" decoding=\"async\" data-attachment-id=\"511\" data-permalink=\"https:\/\/fontegaiatour.it\/blog\/viaggio-di-lavoro-in-germania-quando-il-dovere-diventa-una-festa\/image5\/\" data-orig-file=\"https:\/\/i0.wp.com\/fontegaiatour.it\/blog\/wp-content\/uploads\/image5.jpeg?fit=828%2C1095&amp;ssl=1\" data-orig-size=\"828,1095\" data-comments-opened=\"1\" data-image-meta=\"{&quot;aperture&quot;:&quot;0&quot;,&quot;credit&quot;:&quot;&quot;,&quot;camera&quot;:&quot;&quot;,&quot;caption&quot;:&quot;&quot;,&quot;created_timestamp&quot;:&quot;0&quot;,&quot;copyright&quot;:&quot;&quot;,&quot;focal_length&quot;:&quot;0&quot;,&quot;iso&quot;:&quot;0&quot;,&quot;shutter_speed&quot;:&quot;0&quot;,&quot;title&quot;:&quot;&quot;,&quot;orientation&quot;:&quot;1&quot;}\" data-image-title=\"Germania 2023\" data-image-description=\"\" data-image-caption=\"&lt;p&gt;Germania 2023&lt;\/p&gt;\n\" data-medium-file=\"https:\/\/i0.wp.com\/fontegaiatour.it\/blog\/wp-content\/uploads\/image5.jpeg?fit=227%2C300&amp;ssl=1\" data-large-file=\"https:\/\/i0.wp.com\/fontegaiatour.it\/blog\/wp-content\/uploads\/image5.jpeg?fit=760%2C1005&amp;ssl=1\" srcset=\"https:\/\/i0.wp.com\/www.fontegaiatour.it\/blog\/wp-content\/uploads\/image5-774x1024.jpeg?strip=info&#038;w=600&#038;ssl=1 600w,https:\/\/i0.wp.com\/www.fontegaiatour.it\/blog\/wp-content\/uploads\/image5-774x1024.jpeg?strip=info&#038;w=828&#038;ssl=1 828w\" alt=\"Germania 2023\" data-height=\"1095\" data-id=\"511\" data-link=\"https:\/\/www.fontegaiatour.it\/blog\/?attachment_id=511\" data-url=\"https:\/\/www.fontegaiatour.it\/blog\/wp-content\/uploads\/image5-774x1024.jpeg\" data-width=\"828\" src=\"https:\/\/i0.wp.com\/www.fontegaiatour.it\/blog\/wp-content\/uploads\/image5-774x1024.jpeg?ssl=1\" data-amp-layout=\"responsive\"\/><\/figure><\/div><\/div><div class=\"tiled-gallery__row\"><div class=\"tiled-gallery__col\" style=\"flex-basis:33.32328%\"><figure class=\"tiled-gallery__item\"><img data-attachment-id=\"512\" data-permalink=\"https:\/\/fontegaiatour.it\/blog\/viaggio-di-lavoro-in-germania-quando-il-dovere-diventa-una-festa\/image4\/\" data-orig-file=\"https:\/\/i0.wp.com\/fontegaiatour.it\/blog\/wp-content\/uploads\/image4.jpeg?fit=828%2C1107&amp;ssl=1\" data-orig-size=\"828,1107\" data-comments-opened=\"1\" data-image-meta=\"{&quot;aperture&quot;:&quot;0&quot;,&quot;credit&quot;:&quot;&quot;,&quot;camera&quot;:&quot;&quot;,&quot;caption&quot;:&quot;&quot;,&quot;created_timestamp&quot;:&quot;0&quot;,&quot;copyright&quot;:&quot;&quot;,&quot;focal_length&quot;:&quot;0&quot;,&quot;iso&quot;:&quot;0&quot;,&quot;shutter_speed&quot;:&quot;0&quot;,&quot;title&quot;:&quot;&quot;,&quot;orientation&quot;:&quot;1&quot;}\" data-image-title=\"Germania 2023\" data-image-description=\"\" data-image-caption=\"&lt;p&gt;Germania 2023&lt;\/p&gt;\n\" data-medium-file=\"https:\/\/i0.wp.com\/fontegaiatour.it\/blog\/wp-content\/uploads\/image4.jpeg?fit=224%2C300&amp;ssl=1\" data-large-file=\"https:\/\/i0.wp.com\/fontegaiatour.it\/blog\/wp-content\/uploads\/image4.jpeg?fit=760%2C1016&amp;ssl=1\" decoding=\"async\" data-attachment-id=\"512\" data-permalink=\"https:\/\/fontegaiatour.it\/blog\/viaggio-di-lavoro-in-germania-quando-il-dovere-diventa-una-festa\/image4\/\" data-orig-file=\"https:\/\/i0.wp.com\/fontegaiatour.it\/blog\/wp-content\/uploads\/image4.jpeg?fit=828%2C1107&amp;ssl=1\" data-orig-size=\"828,1107\" data-comments-opened=\"1\" data-image-meta=\"{&quot;aperture&quot;:&quot;0&quot;,&quot;credit&quot;:&quot;&quot;,&quot;camera&quot;:&quot;&quot;,&quot;caption&quot;:&quot;&quot;,&quot;created_timestamp&quot;:&quot;0&quot;,&quot;copyright&quot;:&quot;&quot;,&quot;focal_length&quot;:&quot;0&quot;,&quot;iso&quot;:&quot;0&quot;,&quot;shutter_speed&quot;:&quot;0&quot;,&quot;title&quot;:&quot;&quot;,&quot;orientation&quot;:&quot;1&quot;}\" data-image-title=\"Germania 2023\" data-image-description=\"\" data-image-caption=\"&lt;p&gt;Germania 2023&lt;\/p&gt;\n\" data-medium-file=\"https:\/\/i0.wp.com\/fontegaiatour.it\/blog\/wp-content\/uploads\/image4.jpeg?fit=224%2C300&amp;ssl=1\" data-large-file=\"https:\/\/i0.wp.com\/fontegaiatour.it\/blog\/wp-content\/uploads\/image4.jpeg?fit=760%2C1016&amp;ssl=1\" srcset=\"https:\/\/i1.wp.com\/www.fontegaiatour.it\/blog\/wp-content\/uploads\/image4-766x1024.jpeg?strip=info&#038;w=600&#038;ssl=1 600w,https:\/\/i1.wp.com\/www.fontegaiatour.it\/blog\/wp-content\/uploads\/image4-766x1024.jpeg?strip=info&#038;w=828&#038;ssl=1 828w\" alt=\"Germania 2023\" data-height=\"1107\" data-id=\"512\" data-link=\"https:\/\/www.fontegaiatour.it\/blog\/?attachment_id=512\" data-url=\"https:\/\/www.fontegaiatour.it\/blog\/wp-content\/uploads\/image4-766x1024.jpeg\" data-width=\"828\" src=\"https:\/\/i1.wp.com\/www.fontegaiatour.it\/blog\/wp-content\/uploads\/image4-766x1024.jpeg?ssl=1\" data-amp-layout=\"responsive\"\/><\/figure><\/div><div class=\"tiled-gallery__col\" style=\"flex-basis:33.29329%\"><figure class=\"tiled-gallery__item\"><img data-attachment-id=\"516\" data-permalink=\"https:\/\/fontegaiatour.it\/blog\/viaggio-di-lavoro-in-germania-quando-il-dovere-diventa-una-festa\/image0\/\" data-orig-file=\"https:\/\/i0.wp.com\/fontegaiatour.it\/blog\/wp-content\/uploads\/image0.jpeg?fit=828%2C1108&amp;ssl=1\" data-orig-size=\"828,1108\" data-comments-opened=\"1\" data-image-meta=\"{&quot;aperture&quot;:&quot;0&quot;,&quot;credit&quot;:&quot;&quot;,&quot;camera&quot;:&quot;&quot;,&quot;caption&quot;:&quot;&quot;,&quot;created_timestamp&quot;:&quot;0&quot;,&quot;copyright&quot;:&quot;&quot;,&quot;focal_length&quot;:&quot;0&quot;,&quot;iso&quot;:&quot;0&quot;,&quot;shutter_speed&quot;:&quot;0&quot;,&quot;title&quot;:&quot;&quot;,&quot;orientation&quot;:&quot;1&quot;}\" data-image-title=\"Germania 2023\" data-image-description=\"\" data-image-caption=\"&lt;p&gt;Germania 2023&lt;\/p&gt;\n\" data-medium-file=\"https:\/\/i0.wp.com\/fontegaiatour.it\/blog\/wp-content\/uploads\/image0.jpeg?fit=224%2C300&amp;ssl=1\" data-large-file=\"https:\/\/i0.wp.com\/fontegaiatour.it\/blog\/wp-content\/uploads\/image0.jpeg?fit=760%2C1017&amp;ssl=1\" decoding=\"async\" data-attachment-id=\"516\" data-permalink=\"https:\/\/fontegaiatour.it\/blog\/viaggio-di-lavoro-in-germania-quando-il-dovere-diventa-una-festa\/image0\/\" data-orig-file=\"https:\/\/i0.wp.com\/fontegaiatour.it\/blog\/wp-content\/uploads\/image0.jpeg?fit=828%2C1108&amp;ssl=1\" data-orig-size=\"828,1108\" data-comments-opened=\"1\" data-image-meta=\"{&quot;aperture&quot;:&quot;0&quot;,&quot;credit&quot;:&quot;&quot;,&quot;camera&quot;:&quot;&quot;,&quot;caption&quot;:&quot;&quot;,&quot;created_timestamp&quot;:&quot;0&quot;,&quot;copyright&quot;:&quot;&quot;,&quot;focal_length&quot;:&quot;0&quot;,&quot;iso&quot;:&quot;0&quot;,&quot;shutter_speed&quot;:&quot;0&quot;,&quot;title&quot;:&quot;&quot;,&quot;orientation&quot;:&quot;1&quot;}\" data-image-title=\"Germania 2023\" data-image-description=\"\" data-image-caption=\"&lt;p&gt;Germania 2023&lt;\/p&gt;\n\" data-medium-file=\"https:\/\/i0.wp.com\/fontegaiatour.it\/blog\/wp-content\/uploads\/image0.jpeg?fit=224%2C300&amp;ssl=1\" data-large-file=\"https:\/\/i0.wp.com\/fontegaiatour.it\/blog\/wp-content\/uploads\/image0.jpeg?fit=760%2C1017&amp;ssl=1\" srcset=\"https:\/\/i2.wp.com\/www.fontegaiatour.it\/blog\/wp-content\/uploads\/image0-765x1024.jpeg?strip=info&#038;w=600&#038;ssl=1 600w,https:\/\/i2.wp.com\/www.fontegaiatour.it\/blog\/wp-content\/uploads\/image0-765x1024.jpeg?strip=info&#038;w=828&#038;ssl=1 828w\" alt=\"Germania 2023\" data-height=\"1108\" data-id=\"516\" data-link=\"https:\/\/www.fontegaiatour.it\/blog\/?attachment_id=516\" data-url=\"https:\/\/www.fontegaiatour.it\/blog\/wp-content\/uploads\/image0-765x1024.jpeg\" data-width=\"828\" src=\"https:\/\/i2.wp.com\/www.fontegaiatour.it\/blog\/wp-content\/uploads\/image0-765x1024.jpeg?ssl=1\" data-amp-layout=\"responsive\"\/><\/figure><\/div><div class=\"tiled-gallery__col\" style=\"flex-basis:33.38343%\"><figure class=\"tiled-gallery__item\"><img data-attachment-id=\"513\" data-permalink=\"https:\/\/fontegaiatour.it\/blog\/viaggio-di-lavoro-in-germania-quando-il-dovere-diventa-una-festa\/image3\/\" data-orig-file=\"https:\/\/i0.wp.com\/fontegaiatour.it\/blog\/wp-content\/uploads\/image3.jpeg?fit=828%2C1105&amp;ssl=1\" data-orig-size=\"828,1105\" data-comments-opened=\"1\" data-image-meta=\"{&quot;aperture&quot;:&quot;0&quot;,&quot;credit&quot;:&quot;&quot;,&quot;camera&quot;:&quot;&quot;,&quot;caption&quot;:&quot;&quot;,&quot;created_timestamp&quot;:&quot;0&quot;,&quot;copyright&quot;:&quot;&quot;,&quot;focal_length&quot;:&quot;0&quot;,&quot;iso&quot;:&quot;0&quot;,&quot;shutter_speed&quot;:&quot;0&quot;,&quot;title&quot;:&quot;&quot;,&quot;orientation&quot;:&quot;1&quot;}\" data-image-title=\"Germania 2023\" data-image-description=\"\" data-image-caption=\"&lt;p&gt;Germania 2023&lt;\/p&gt;\n\" data-medium-file=\"https:\/\/i0.wp.com\/fontegaiatour.it\/blog\/wp-content\/uploads\/image3.jpeg?fit=225%2C300&amp;ssl=1\" data-large-file=\"https:\/\/i0.wp.com\/fontegaiatour.it\/blog\/wp-content\/uploads\/image3.jpeg?fit=760%2C1015&amp;ssl=1\" decoding=\"async\" data-attachment-id=\"513\" data-permalink=\"https:\/\/fontegaiatour.it\/blog\/viaggio-di-lavoro-in-germania-quando-il-dovere-diventa-una-festa\/image3\/\" data-orig-file=\"https:\/\/i0.wp.com\/fontegaiatour.it\/blog\/wp-content\/uploads\/image3.jpeg?fit=828%2C1105&amp;ssl=1\" data-orig-size=\"828,1105\" data-comments-opened=\"1\" data-image-meta=\"{&quot;aperture&quot;:&quot;0&quot;,&quot;credit&quot;:&quot;&quot;,&quot;camera&quot;:&quot;&quot;,&quot;caption&quot;:&quot;&quot;,&quot;created_timestamp&quot;:&quot;0&quot;,&quot;copyright&quot;:&quot;&quot;,&quot;focal_length&quot;:&quot;0&quot;,&quot;iso&quot;:&quot;0&quot;,&quot;shutter_speed&quot;:&quot;0&quot;,&quot;title&quot;:&quot;&quot;,&quot;orientation&quot;:&quot;1&quot;}\" data-image-title=\"Germania 2023\" data-image-description=\"\" data-image-caption=\"&lt;p&gt;Germania 2023&lt;\/p&gt;\n\" data-medium-file=\"https:\/\/i0.wp.com\/fontegaiatour.it\/blog\/wp-content\/uploads\/image3.jpeg?fit=225%2C300&amp;ssl=1\" data-large-file=\"https:\/\/i0.wp.com\/fontegaiatour.it\/blog\/wp-content\/uploads\/image3.jpeg?fit=760%2C1015&amp;ssl=1\" srcset=\"https:\/\/i1.wp.com\/www.fontegaiatour.it\/blog\/wp-content\/uploads\/image3-767x1024.jpeg?strip=info&#038;w=600&#038;ssl=1 600w,https:\/\/i1.wp.com\/www.fontegaiatour.it\/blog\/wp-content\/uploads\/image3-767x1024.jpeg?strip=info&#038;w=828&#038;ssl=1 828w\" alt=\"Germania 2023\" data-height=\"1105\" data-id=\"513\" data-link=\"https:\/\/www.fontegaiatour.it\/blog\/?attachment_id=513\" data-url=\"https:\/\/www.fontegaiatour.it\/blog\/wp-content\/uploads\/image3-767x1024.jpeg\" data-width=\"828\" src=\"https:\/\/i1.wp.com\/www.fontegaiatour.it\/blog\/wp-content\/uploads\/image3-767x1024.jpeg?ssl=1\" data-amp-layout=\"responsive\"\/><\/figure><\/div><\/div><\/div><\/div>\n\n\n\n<p>Seduti ad uno di questi tavoli abbiamo incontrato i nostri colleghi che ci hanno accolto invitandoci a sederci accanto a loro e ad ordinare qualcosa da bere da mangiare. Dopo un paio di wurstel, schnitzel e patatine, canti, inni, ecco che arrivano le star dell\u2019evento: alcuni cantanti molto noti in Germania che si sono esibiti coinvolgendo il pubblico!&nbsp;<\/p>\n\n\n\n<h2 class=\"wp-block-heading\">Prima il piacere&#8230;<\/h2>\n\n\n\n<p>Ad un certo punto, quasi tutti i presenti sono saliti sui tavoli traballanti ed hanno iniziato a cantare in coro e ballare! I nostri colleghi ci hanno spiegato che tutto ci\u00f2 \u00e8 assolutamente normale, anzi, ci hanno incoraggiato a fare lo stesso perch\u00e9 <strong>restare seduti in queste occasioni \u00e9 considerata quasi una mancanza di rispetto<\/strong>!<\/p>\n\n\n\n<p>Non ce lo siamo fatto ripetere una seconda volta, siamo saliti sui tavoli traballanti cantando in tedesco e ballando fino a sera! \u00c9 stata una delle esperienze pi\u00f9 divertenti che abbia mai fatto e sicuramente <strong>\u00e9 stata molto utile dal punto di vista empatico e ci ha permesso di conoscere la vera cultura locale<\/strong>!<\/p>\n\n\n\n<h2 class=\"wp-block-heading\">&#8230;poi il dovere!<\/h2>\n\n\n\n<p>Adesso starete sicuramente pensando che questo \u00e8 un modo \u201csingolare\u201d di lavorare con i colleghi! Non temete, vi rassicuriamo subito! <strong>Il giorno seguente abbiamo raggiunto la sede operativa dei nostri partners assieme ai quali abbiamo avuto un confronto, fatto progetti, preso accordi, ideato nuove esperienze<\/strong>, tutti seduti (questa volta!) attorno ad un tavolo, in modo serio e professionale!&nbsp;<\/p>\n\n\n\n<hr class=\"wp-block-separator aligncenter has-alpha-channel-opacity is-style-dots\"\/>\n\n\n\n<p>Ed il viaggio di ritorno come \u00e8 andato?! Un po\u2019 come all\u2019andata, ma senza l\u2019ansia di non arrivare in tempo e con qualche sosta in pi\u00f9! Diciamo che \u00e8 stata un\u2019esperienza unica che ci ha arricchito!<\/p>\n","protected":false},"excerpt":{"rendered":"<p>Quando parti per un viaggio in auto per incontrare i tuoi colleghi tedeschi, un viaggio che dovrebbe durare otto ore e invece a causa del traffico, della pioggia e di tutti gli imprevisti possibili si trasforma in un\u2019epopea di 12 ore, non immagini che ad attenderti c\u2019\u00e8 una festa!\u00a0<\/p>\n","protected":false},"author":1,"featured_media":509,"comment_status":"open","ping_status":"open","sticky":false,"template":"","format":"standard","meta":{"jetpack_post_was_ever_published":false,"_jetpack_newsletter_access":"","jetpack_publicize_message":"","jetpack_is_tweetstorm":false,"jetpack_publicize_feature_enabled":true,"jetpack_social_post_already_shared":true,"jetpack_social_options":{"image_generator_settings":{"template":"highway","enabled":false}}},"categories":[22,4],"tags":[29,11,6],"jetpack_publicize_connections":[],"yoast_head":"<!-- This site is optimized with the Yoast SEO plugin v20.4 - https:\/\/yoast.com\/wordpress\/plugins\/seo\/ -->\n<title>Viaggio di lavoro in Germania: quando il dovere diventa una festa!<\/title>\n<meta name=\"description\" content=\"Siamo stati invitati alla festa in onore del 75esimo anno di attivit\u00e0 di una nostra agenzia partner in Germania, nei pressi di Norimberga.\" \/>\n<meta name=\"robots\" content=\"index, follow, max-snippet:-1, max-image-preview:large, max-video-preview:-1\" \/>\n<link rel=\"canonical\" href=\"https:\/\/fontegaiatour.it\/blog\/viaggio-di-lavoro-in-germania-quando-il-dovere-diventa-una-festa\/\" \/>\n<meta property=\"og:locale\" content=\"it_IT\" \/>\n<meta property=\"og:type\" content=\"article\" \/>\n<meta property=\"og:title\" content=\"Viaggio di lavoro in Germania: quando il dovere diventa una festa!\" \/>\n<meta property=\"og:description\" content=\"Siamo stati invitati alla festa in onore del 75esimo anno di attivit\u00e0 di una nostra agenzia partner in Germania, nei pressi di Norimberga.\" \/>\n<meta property=\"og:url\" content=\"https:\/\/fontegaiatour.it\/blog\/viaggio-di-lavoro-in-germania-quando-il-dovere-diventa-una-festa\/\" \/>\n<meta property=\"og:site_name\" content=\"Fonte Gaia Tour Blog Italiano\" \/>\n<meta property=\"article:publisher\" content=\"https:\/\/www.facebook.com\/fontegaiatour\" \/>\n<meta property=\"article:published_time\" content=\"2023-09-13T06:00:00+00:00\" \/>\n<meta property=\"article:modified_time\" content=\"2023-12-06T05:44:14+00:00\" \/>\n<meta property=\"og:image\" content=\"https:\/\/i0.wp.com\/fontegaiatour.it\/blog\/wp-content\/uploads\/pexels-photo-3641322.jpeg?fit=1300%2C1300&ssl=1\" \/>\n\t<meta property=\"og:image:width\" content=\"1300\" \/>\n\t<meta property=\"og:image:height\" content=\"1300\" \/>\n\t<meta property=\"og:image:type\" content=\"image\/jpeg\" \/>\n<meta name=\"author\" content=\"Fonte Gaia\" \/>\n<meta name=\"twitter:card\" content=\"summary_large_image\" \/>\n<meta name=\"twitter:label1\" content=\"Scritto da\" \/>\n\t<meta name=\"twitter:data1\" content=\"Fonte Gaia\" \/>\n\t<meta name=\"twitter:label2\" content=\"Tempo di lettura stimato\" \/>\n\t<meta name=\"twitter:data2\" content=\"6 minuti\" \/>\n<script type=\"application\/ld+json\" class=\"yoast-schema-graph\">{\"@context\":\"https:\/\/schema.org\",\"@graph\":[{\"@type\":\"Article\",\"@id\":\"https:\/\/fontegaiatour.it\/blog\/viaggio-di-lavoro-in-germania-quando-il-dovere-diventa-una-festa\/#article\",\"isPartOf\":{\"@id\":\"https:\/\/fontegaiatour.it\/blog\/viaggio-di-lavoro-in-germania-quando-il-dovere-diventa-una-festa\/\"},\"author\":{\"name\":\"Fonte Gaia\",\"@id\":\"https:\/\/fontegaiatour.it\/blog\/#\/schema\/person\/7fd1be53eef199549ba498d81cfebb05\"},\"headline\":\"Viaggio di lavoro in Germania: quando il dovere diventa una festa!\",\"datePublished\":\"2023-09-13T06:00:00+00:00\",\"dateModified\":\"2023-12-06T05:44:14+00:00\",\"mainEntityOfPage\":{\"@id\":\"https:\/\/fontegaiatour.it\/blog\/viaggio-di-lavoro-in-germania-quando-il-dovere-diventa-una-festa\/\"},\"wordCount\":904,\"commentCount\":0,\"publisher\":{\"@id\":\"https:\/\/fontegaiatour.it\/blog\/#organization\"},\"keywords\":[\"il nostro lavoro\",\"Travel Planner\",\"vacanze in estate\"],\"articleSection\":[\"Travel Diaries\",\"Viaggio in Europa\"],\"inLanguage\":\"it-IT\",\"potentialAction\":[{\"@type\":\"CommentAction\",\"name\":\"Comment\",\"target\":[\"https:\/\/fontegaiatour.it\/blog\/viaggio-di-lavoro-in-germania-quando-il-dovere-diventa-una-festa\/#respond\"]}]},{\"@type\":\"WebPage\",\"@id\":\"https:\/\/fontegaiatour.it\/blog\/viaggio-di-lavoro-in-germania-quando-il-dovere-diventa-una-festa\/\",\"url\":\"https:\/\/fontegaiatour.it\/blog\/viaggio-di-lavoro-in-germania-quando-il-dovere-diventa-una-festa\/\",\"name\":\"Viaggio di lavoro in Germania: quando il dovere diventa una festa!\",\"isPartOf\":{\"@id\":\"https:\/\/fontegaiatour.it\/blog\/#website\"},\"datePublished\":\"2023-09-13T06:00:00+00:00\",\"dateModified\":\"2023-12-06T05:44:14+00:00\",\"description\":\"Siamo stati invitati alla festa in onore del 75esimo anno di attivit\u00e0 di una nostra agenzia partner in Germania, nei pressi di Norimberga.\",\"breadcrumb\":{\"@id\":\"https:\/\/fontegaiatour.it\/blog\/viaggio-di-lavoro-in-germania-quando-il-dovere-diventa-una-festa\/#breadcrumb\"},\"inLanguage\":\"it-IT\",\"potentialAction\":[{\"@type\":\"ReadAction\",\"target\":[\"https:\/\/fontegaiatour.it\/blog\/viaggio-di-lavoro-in-germania-quando-il-dovere-diventa-una-festa\/\"]}]},{\"@type\":\"BreadcrumbList\",\"@id\":\"https:\/\/fontegaiatour.it\/blog\/viaggio-di-lavoro-in-germania-quando-il-dovere-diventa-una-festa\/#breadcrumb\",\"itemListElement\":[{\"@type\":\"ListItem\",\"position\":1,\"name\":\"Home\",\"item\":\"https:\/\/fontegaiatour.it\/blog\/\"},{\"@type\":\"ListItem\",\"position\":2,\"name\":\"Viaggio di lavoro in Germania: quando il dovere diventa una festa!\"}]},{\"@type\":\"WebSite\",\"@id\":\"https:\/\/fontegaiatour.it\/blog\/#website\",\"url\":\"https:\/\/fontegaiatour.it\/blog\/\",\"name\":\"Fonte Gaia Tour Blog Italiano\",\"description\":\"Tour operator ed Agenzia di Viaggi per viaggi su misura in Italia e nel mondo\",\"publisher\":{\"@id\":\"https:\/\/fontegaiatour.it\/blog\/#organization\"},\"potentialAction\":[{\"@type\":\"SearchAction\",\"target\":{\"@type\":\"EntryPoint\",\"urlTemplate\":\"https:\/\/fontegaiatour.it\/blog\/?s={search_term_string}\"},\"query-input\":\"required name=search_term_string\"}],\"inLanguage\":\"it-IT\"},{\"@type\":\"Organization\",\"@id\":\"https:\/\/fontegaiatour.it\/blog\/#organization\",\"name\":\"Fonte Gaia Tour\",\"url\":\"https:\/\/fontegaiatour.it\/blog\/\",\"logo\":{\"@type\":\"ImageObject\",\"inLanguage\":\"it-IT\",\"@id\":\"https:\/\/fontegaiatour.it\/blog\/#\/schema\/logo\/image\/\",\"url\":\"https:\/\/i0.wp.com\/www.fontegaiatour.it\/blog\/wp-content\/uploads\/logo_social.jpg?fit=500%2C500&ssl=1\",\"contentUrl\":\"https:\/\/i0.wp.com\/www.fontegaiatour.it\/blog\/wp-content\/uploads\/logo_social.jpg?fit=500%2C500&ssl=1\",\"width\":500,\"height\":500,\"caption\":\"Fonte Gaia Tour\"},\"image\":{\"@id\":\"https:\/\/fontegaiatour.it\/blog\/#\/schema\/logo\/image\/\"},\"sameAs\":[\"https:\/\/www.facebook.com\/fontegaiatour\",\"https:\/\/www.instagram.com\/fontegaiatour\/\"]},{\"@type\":\"Person\",\"@id\":\"https:\/\/fontegaiatour.it\/blog\/#\/schema\/person\/7fd1be53eef199549ba498d81cfebb05\",\"name\":\"Fonte Gaia\",\"image\":{\"@type\":\"ImageObject\",\"inLanguage\":\"it-IT\",\"@id\":\"https:\/\/fontegaiatour.it\/blog\/#\/schema\/person\/image\/\",\"url\":\"https:\/\/secure.gravatar.com\/avatar\/065ad765e2d0a5671e3e15fa1903b315?s=96&d=mm&r=g\",\"contentUrl\":\"https:\/\/secure.gravatar.com\/avatar\/065ad765e2d0a5671e3e15fa1903b315?s=96&d=mm&r=g\",\"caption\":\"Fonte Gaia\"}}]}<\/script>\n<!-- \/ Yoast SEO plugin. -->","yoast_head_json":{"title":"Viaggio di lavoro in Germania: quando il dovere diventa una festa!","description":"Siamo stati invitati alla festa in onore del 75esimo anno di attivit\u00e0 di una nostra agenzia partner in Germania, nei pressi di Norimberga.","robots":{"index":"index","follow":"follow","max-snippet":"max-snippet:-1","max-image-preview":"max-image-preview:large","max-video-preview":"max-video-preview:-1"},"canonical":"https:\/\/fontegaiatour.it\/blog\/viaggio-di-lavoro-in-germania-quando-il-dovere-diventa-una-festa\/","og_locale":"it_IT","og_type":"article","og_title":"Viaggio di lavoro in Germania: quando il dovere diventa una festa!","og_description":"Siamo stati invitati alla festa in onore del 75esimo anno di attivit\u00e0 di una nostra agenzia partner in Germania, nei pressi di Norimberga.","og_url":"https:\/\/fontegaiatour.it\/blog\/viaggio-di-lavoro-in-germania-quando-il-dovere-diventa-una-festa\/","og_site_name":"Fonte Gaia Tour Blog Italiano","article_publisher":"https:\/\/www.facebook.com\/fontegaiatour","article_published_time":"2023-09-13T06:00:00+00:00","article_modified_time":"2023-12-06T05:44:14+00:00","og_image":[{"width":1300,"height":1300,"url":"https:\/\/i0.wp.com\/fontegaiatour.it\/blog\/wp-content\/uploads\/pexels-photo-3641322.jpeg?fit=1300%2C1300&ssl=1","type":"image\/jpeg"}],"author":"Fonte Gaia","twitter_card":"summary_large_image","twitter_misc":{"Scritto da":"Fonte Gaia","Tempo di lettura stimato":"6 minuti"},"schema":{"@context":"https:\/\/schema.org","@graph":[{"@type":"Article","@id":"https:\/\/fontegaiatour.it\/blog\/viaggio-di-lavoro-in-germania-quando-il-dovere-diventa-una-festa\/#article","isPartOf":{"@id":"https:\/\/fontegaiatour.it\/blog\/viaggio-di-lavoro-in-germania-quando-il-dovere-diventa-una-festa\/"},"author":{"name":"Fonte Gaia","@id":"https:\/\/fontegaiatour.it\/blog\/#\/schema\/person\/7fd1be53eef199549ba498d81cfebb05"},"headline":"Viaggio di lavoro in Germania: quando il dovere diventa una festa!","datePublished":"2023-09-13T06:00:00+00:00","dateModified":"2023-12-06T05:44:14+00:00","mainEntityOfPage":{"@id":"https:\/\/fontegaiatour.it\/blog\/viaggio-di-lavoro-in-germania-quando-il-dovere-diventa-una-festa\/"},"wordCount":904,"commentCount":0,"publisher":{"@id":"https:\/\/fontegaiatour.it\/blog\/#organization"},"keywords":["il nostro lavoro","Travel Planner","vacanze in estate"],"articleSection":["Travel Diaries","Viaggio in Europa"],"inLanguage":"it-IT","potentialAction":[{"@type":"CommentAction","name":"Comment","target":["https:\/\/fontegaiatour.it\/blog\/viaggio-di-lavoro-in-germania-quando-il-dovere-diventa-una-festa\/#respond"]}]},{"@type":"WebPage","@id":"https:\/\/fontegaiatour.it\/blog\/viaggio-di-lavoro-in-germania-quando-il-dovere-diventa-una-festa\/","url":"https:\/\/fontegaiatour.it\/blog\/viaggio-di-lavoro-in-germania-quando-il-dovere-diventa-una-festa\/","name":"Viaggio di lavoro in Germania: quando il dovere diventa una festa!","isPartOf":{"@id":"https:\/\/fontegaiatour.it\/blog\/#website"},"datePublished":"2023-09-13T06:00:00+00:00","dateModified":"2023-12-06T05:44:14+00:00","description":"Siamo stati invitati alla festa in onore del 75esimo anno di attivit\u00e0 di una nostra agenzia partner in Germania, nei pressi di Norimberga.","breadcrumb":{"@id":"https:\/\/fontegaiatour.it\/blog\/viaggio-di-lavoro-in-germania-quando-il-dovere-diventa-una-festa\/#breadcrumb"},"inLanguage":"it-IT","potentialAction":[{"@type":"ReadAction","target":["https:\/\/fontegaiatour.it\/blog\/viaggio-di-lavoro-in-germania-quando-il-dovere-diventa-una-festa\/"]}]},{"@type":"BreadcrumbList","@id":"https:\/\/fontegaiatour.it\/blog\/viaggio-di-lavoro-in-germania-quando-il-dovere-diventa-una-festa\/#breadcrumb","itemListElement":[{"@type":"ListItem","position":1,"name":"Home","item":"https:\/\/fontegaiatour.it\/blog\/"},{"@type":"ListItem","position":2,"name":"Viaggio di lavoro in Germania: quando il dovere diventa una festa!"}]},{"@type":"WebSite","@id":"https:\/\/fontegaiatour.it\/blog\/#website","url":"https:\/\/fontegaiatour.it\/blog\/","name":"Fonte Gaia Tour Blog Italiano","description":"Tour operator ed Agenzia di Viaggi per viaggi su misura in Italia e nel mondo","publisher":{"@id":"https:\/\/fontegaiatour.it\/blog\/#organization"},"potentialAction":[{"@type":"SearchAction","target":{"@type":"EntryPoint","urlTemplate":"https:\/\/fontegaiatour.it\/blog\/?s={search_term_string}"},"query-input":"required name=search_term_string"}],"inLanguage":"it-IT"},{"@type":"Organization","@id":"https:\/\/fontegaiatour.it\/blog\/#organization","name":"Fonte Gaia Tour","url":"https:\/\/fontegaiatour.it\/blog\/","logo":{"@type":"ImageObject","inLanguage":"it-IT","@id":"https:\/\/fontegaiatour.it\/blog\/#\/schema\/logo\/image\/","url":"https:\/\/i0.wp.com\/www.fontegaiatour.it\/blog\/wp-content\/uploads\/logo_social.jpg?fit=500%2C500&ssl=1","contentUrl":"https:\/\/i0.wp.com\/www.fontegaiatour.it\/blog\/wp-content\/uploads\/logo_social.jpg?fit=500%2C500&ssl=1","width":500,"height":500,"caption":"Fonte Gaia Tour"},"image":{"@id":"https:\/\/fontegaiatour.it\/blog\/#\/schema\/logo\/image\/"},"sameAs":["https:\/\/www.facebook.com\/fontegaiatour","https:\/\/www.instagram.com\/fontegaiatour\/"]},{"@type":"Person","@id":"https:\/\/fontegaiatour.it\/blog\/#\/schema\/person\/7fd1be53eef199549ba498d81cfebb05","name":"Fonte Gaia","image":{"@type":"ImageObject","inLanguage":"it-IT","@id":"https:\/\/fontegaiatour.it\/blog\/#\/schema\/person\/image\/","url":"https:\/\/secure.gravatar.com\/avatar\/065ad765e2d0a5671e3e15fa1903b315?s=96&d=mm&r=g","contentUrl":"https:\/\/secure.gravatar.com\/avatar\/065ad765e2d0a5671e3e15fa1903b315?s=96&d=mm&r=g","caption":"Fonte Gaia"}}]}},"jetpack_featured_media_url":"https:\/\/i0.wp.com\/fontegaiatour.it\/blog\/wp-content\/uploads\/pexels-photo-3641322.jpeg?fit=1300%2C1300&ssl=1","jetpack_sharing_enabled":true,"jetpack_shortlink":"https:\/\/wp.me\/pa7rwK-8a","jetpack-related-posts":[{"id":49,"url":"https:\/\/fontegaiatour.it\/blog\/perche-scegliere-un-travel-planner-per-il-viaggio\/","url_meta":{"origin":506,"position":0},"title":"Perch\u00e8 scegliere un Travel Planner per il tuo prossimo viaggio","author":"Fonte Gaia","date":"25 Luglio 2018","format":false,"excerpt":"Sai chi \u00e8 un Travel Planner? Leonardo e io siamo dei Travel Planner, perch\u00e8 ci occupiamo di pianificare, personalizzare ed organizzare i viaggi dei nostri clienti, viaggiatori a loro volta. Ma vediamo insieme di rispondere \u00a0qualche domanda sul perch\u00e9 dovresti scegliere un travel planner per il tuo viaggio. Cosa \u00e8\u2026","rel":"","context":"In &quot;Vita da Travel Planner&quot;","block_context":{"text":"Vita da Travel Planner","link":"https:\/\/fontegaiatour.it\/blog\/category\/vita-da-travel-planner\/"},"img":{"alt_text":"Organizzare un viaggio","src":"https:\/\/i0.wp.com\/fontegaiatour.it\/blog\/wp-content\/uploads\/guide-di-viaggio.jpeg?fit=1200%2C1200&ssl=1&resize=350%2C200","width":350,"height":200,"srcset":"https:\/\/i0.wp.com\/fontegaiatour.it\/blog\/wp-content\/uploads\/guide-di-viaggio.jpeg?fit=1200%2C1200&ssl=1&resize=350%2C200 1x, https:\/\/i0.wp.com\/fontegaiatour.it\/blog\/wp-content\/uploads\/guide-di-viaggio.jpeg?fit=1200%2C1200&ssl=1&resize=700%2C400 2x, https:\/\/i0.wp.com\/fontegaiatour.it\/blog\/wp-content\/uploads\/guide-di-viaggio.jpeg?fit=1200%2C1200&ssl=1&resize=1050%2C600 3x"},"classes":[]},{"id":94,"url":"https:\/\/fontegaiatour.it\/blog\/filosofia-vita-da-travel-planner\/","url_meta":{"origin":506,"position":1},"title":"Il viaggio come filosofia: vita da Travel Planner","author":"Fonte Gaia","date":"5 Settembre 2018","format":false,"excerpt":"Se hai letto il nostro post su perch\u00e8 scegliere un Travel Planner sai gi\u00e0 che un Travel Planner \u00e8 un professionista del viaggio che si documenta, studia, scopre, organizza ed intuisce. Ma cosa fa il Travel Planner durante la sua giornata lavorativa? Scopriamolo insieme! La nostra giornata da Travel Planner\u2026","rel":"","context":"In &quot;Vita da Travel Planner&quot;","block_context":{"text":"Vita da Travel Planner","link":"https:\/\/fontegaiatour.it\/blog\/category\/vita-da-travel-planner\/"},"img":{"alt_text":"Vita da Travel Planner","src":"https:\/\/i0.wp.com\/fontegaiatour.it\/blog\/wp-content\/uploads\/WhatsApp-Image-2018-09-03-at-16.07.11.jpeg?fit=768%2C1024&ssl=1&resize=350%2C200","width":350,"height":200,"srcset":"https:\/\/i0.wp.com\/fontegaiatour.it\/blog\/wp-content\/uploads\/WhatsApp-Image-2018-09-03-at-16.07.11.jpeg?fit=768%2C1024&ssl=1&resize=350%2C200 1x, https:\/\/i0.wp.com\/fontegaiatour.it\/blog\/wp-content\/uploads\/WhatsApp-Image-2018-09-03-at-16.07.11.jpeg?fit=768%2C1024&ssl=1&resize=700%2C400 2x"},"classes":[]},{"id":133,"url":"https:\/\/fontegaiatour.it\/blog\/behind-the-desk-di-un-travel-planner\/","url_meta":{"origin":506,"position":2},"title":"Behind the desk di un travel planner","author":"Silvia Santini","date":"30 Ottobre 2018","format":false,"excerpt":"Come si crea un viaggio organizzato e personalizzato Ho deciso di scrivere questo post per darti l'opportunit\u00e0 di scoprire uno degli aspetti pi\u00f9 interessanti del nostro lavoro: la creazione di un'esperienza su misura. Nell'immaginario collettivo il Travel Planner\u00a0svolge una delle professioni pi\u00f9 belle, viaggiando alla scoperta del mondo. Ma la\u2026","rel":"","context":"In &quot;Vita da Travel Planner&quot;","block_context":{"text":"Vita da Travel Planner","link":"https:\/\/fontegaiatour.it\/blog\/category\/vita-da-travel-planner\/"},"img":{"alt_text":"","src":"https:\/\/i0.wp.com\/fontegaiatour.it\/blog\/wp-content\/uploads\/IMG_6436.jpg?fit=1200%2C1200&ssl=1&resize=350%2C200","width":350,"height":200,"srcset":"https:\/\/i0.wp.com\/fontegaiatour.it\/blog\/wp-content\/uploads\/IMG_6436.jpg?fit=1200%2C1200&ssl=1&resize=350%2C200 1x, https:\/\/i0.wp.com\/fontegaiatour.it\/blog\/wp-content\/uploads\/IMG_6436.jpg?fit=1200%2C1200&ssl=1&resize=700%2C400 2x, https:\/\/i0.wp.com\/fontegaiatour.it\/blog\/wp-content\/uploads\/IMG_6436.jpg?fit=1200%2C1200&ssl=1&resize=1050%2C600 3x"},"classes":[]},{"id":1279,"url":"https:\/\/fontegaiatour.it\/blog\/perche-viaggiare-in-solitaria-e-il-miglior-trend-di-viaggio-del-2025\/","url_meta":{"origin":506,"position":3},"title":"Perch\u00e9 viaggiare in solitaria \u00e8 il miglior trend di viaggio del 2025!","author":"Fonte Gaia","date":"31 Gennaio 2025","format":false,"excerpt":"Viaggiare da soli \u00e8 in primo luogo un\u2019opportunit\u00e0 per esplorare e guardarsi dentro in un\u2019ottica totalmente nuova ed insolita, lontano dalle aspettative sociali. In un certo senso \u00e8 viaggiare verso noi stessi, imparare ad ascoltarci, ad acuire i nostri sensi, sfuggendo ad una realt\u00e0 sovraccarica di stimoli e \u201crumore\u201d.","rel":"","context":"In &quot;Consigli di viaggio&quot;","block_context":{"text":"Consigli di viaggio","link":"https:\/\/fontegaiatour.it\/blog\/category\/consigli-di-viaggio\/"},"img":{"alt_text":"viaggiare in solitaria","src":"https:\/\/i0.wp.com\/fontegaiatour.it\/blog\/wp-content\/uploads\/viaggiare_in_solitaria1.jpg?fit=1200%2C795&ssl=1&resize=350%2C200","width":350,"height":200,"srcset":"https:\/\/i0.wp.com\/fontegaiatour.it\/blog\/wp-content\/uploads\/viaggiare_in_solitaria1.jpg?fit=1200%2C795&ssl=1&resize=350%2C200 1x, https:\/\/i0.wp.com\/fontegaiatour.it\/blog\/wp-content\/uploads\/viaggiare_in_solitaria1.jpg?fit=1200%2C795&ssl=1&resize=700%2C400 2x, https:\/\/i0.wp.com\/fontegaiatour.it\/blog\/wp-content\/uploads\/viaggiare_in_solitaria1.jpg?fit=1200%2C795&ssl=1&resize=1050%2C600 3x"},"classes":[]},{"id":291,"url":"https:\/\/fontegaiatour.it\/blog\/formula-magica-del-travel-designer\/","url_meta":{"origin":506,"position":4},"title":"\u201cHocus Pocus\u201d: la formula magica del Travel Designer per creare un viaggio su misura","author":"Fonte Gaia","date":"22 Marzo 2023","format":false,"excerpt":"Chi \u00e8 il Travel Designer? Scopri qual \u00e8 la sua formula magica per creare un viaggio su misura per esaudire desideri e necessit\u00e0 di ogni cliente.","rel":"","context":"In &quot;Vita da Travel Planner&quot;","block_context":{"text":"Vita da Travel Planner","link":"https:\/\/fontegaiatour.it\/blog\/category\/vita-da-travel-planner\/"},"img":{"alt_text":"Travel Designer","src":"https:\/\/i0.wp.com\/fontegaiatour.it\/blog\/wp-content\/uploads\/travel-design4.jpeg?fit=1200%2C900&ssl=1&resize=350%2C200","width":350,"height":200,"srcset":"https:\/\/i0.wp.com\/fontegaiatour.it\/blog\/wp-content\/uploads\/travel-design4.jpeg?fit=1200%2C900&ssl=1&resize=350%2C200 1x, https:\/\/i0.wp.com\/fontegaiatour.it\/blog\/wp-content\/uploads\/travel-design4.jpeg?fit=1200%2C900&ssl=1&resize=700%2C400 2x, https:\/\/i0.wp.com\/fontegaiatour.it\/blog\/wp-content\/uploads\/travel-design4.jpeg?fit=1200%2C900&ssl=1&resize=1050%2C600 3x"},"classes":[]},{"id":196,"url":"https:\/\/fontegaiatour.it\/blog\/voucher-viaggio-regalo\/","url_meta":{"origin":506,"position":5},"title":"Voucher Viaggio, iI regalo ideale per tutti","author":"Fonte Gaia","date":"23 Novembre 2022","format":false,"excerpt":"Siete alla ricerca di un regalo apprezzato? Che sia per Natale, per un compleanno o un momento da celebrare, noi vi consigliamo un voucher viaggio firmato Fonte Gaia Tour!","rel":"","context":"In &quot;Consigli di viaggio&quot;","block_context":{"text":"Consigli di viaggio","link":"https:\/\/fontegaiatour.it\/blog\/category\/consigli-di-viaggio\/"},"img":{"alt_text":"Voucher viaggio regalo","src":"https:\/\/i0.wp.com\/fontegaiatour.it\/blog\/wp-content\/uploads\/voucher-fontegaia1.jpeg?fit=790%2C1024&ssl=1&resize=350%2C200","width":350,"height":200,"srcset":"https:\/\/i0.wp.com\/fontegaiatour.it\/blog\/wp-content\/uploads\/voucher-fontegaia1.jpeg?fit=790%2C1024&ssl=1&resize=350%2C200 1x, https:\/\/i0.wp.com\/fontegaiatour.it\/blog\/wp-content\/uploads\/voucher-fontegaia1.jpeg?fit=790%2C1024&ssl=1&resize=700%2C400 2x"},"classes":[]}],"_links":{"self":[{"href":"https:\/\/fontegaiatour.it\/blog\/wp-json\/wp\/v2\/posts\/506"}],"collection":[{"href":"https:\/\/fontegaiatour.it\/blog\/wp-json\/wp\/v2\/posts"}],"about":[{"href":"https:\/\/fontegaiatour.it\/blog\/wp-json\/wp\/v2\/types\/post"}],"author":[{"embeddable":true,"href":"https:\/\/fontegaiatour.it\/blog\/wp-json\/wp\/v2\/users\/1"}],"replies":[{"embeddable":true,"href":"https:\/\/fontegaiatour.it\/blog\/wp-json\/wp\/v2\/comments?post=506"}],"version-history":[{"count":3,"href":"https:\/\/fontegaiatour.it\/blog\/wp-json\/wp\/v2\/posts\/506\/revisions"}],"predecessor-version":[{"id":521,"href":"https:\/\/fontegaiatour.it\/blog\/wp-json\/wp\/v2\/posts\/506\/revisions\/521"}],"wp:featuredmedia":[{"embeddable":true,"href":"https:\/\/fontegaiatour.it\/blog\/wp-json\/wp\/v2\/media\/509"}],"wp:attachment":[{"href":"https:\/\/fontegaiatour.it\/blog\/wp-json\/wp\/v2\/media?parent=506"}],"wp:term":[{"taxonomy":"category","embeddable":true,"href":"https:\/\/fontegaiatour.it\/blog\/wp-json\/wp\/v2\/categories?post=506"},{"taxonomy":"post_tag","embeddable":true,"href":"https:\/\/fontegaiatour.it\/blog\/wp-json\/wp\/v2\/tags?post=506"}],"curies":[{"name":"wp","href":"https:\/\/api.w.org\/{rel}","templated":true}]}}