{"id":630,"date":"2023-12-06T08:00:00","date_gmt":"2023-12-06T07:00:00","guid":{"rendered":"https:\/\/www.fontegaiatour.it\/blog\/?p=630"},"modified":"2024-07-26T01:56:09","modified_gmt":"2024-07-25T23:56:09","slug":"in-viaggio-con-il-grinch-alcuni-luoghi-nel-mondo-dove-non-si-festeggia-il-natale","status":"publish","type":"post","link":"https:\/\/fontegaiatour.it\/blog\/in-viaggio-con-il-grinch-alcuni-luoghi-nel-mondo-dove-non-si-festeggia-il-natale\/","title":{"rendered":"In viaggio con il Grinch: alcuni luoghi del mondo dove non si festeggia il Natale!"},"content":{"rendered":"\n<p>L\u2019ultima volta ci eravamo lasciati con <a href=\"https:\/\/www.fontegaiatour.it\/blog\/travel-babber-part-2-tutto-quello-che-non-sapete-sulle-soste-segrete-di-babbo-natale\/\">Babbo Natale che si apprestava a consegnare i doni<\/a>. Oggi vi condurremo alla scoperta del viaggio compiuto dal suo diretto antagonista, il <strong>Grinch<\/strong>! Questa creatura scontrosa, solitaria ed irascibile odia il Natale e tutto ci\u00f2 che rappresenta. Vediamo insieme dove ci porta!<\/p>\n\n\n\n<h2 class=\"wp-block-heading\">Perch\u00e9 in alcuni paesi il Natale non viene festeggiato?<\/h2>\n\n\n\n<p>Uno dei principali motivi \u00e8 il <strong>credo religioso<\/strong>, come accade per l\u2019Islam&nbsp;ed il&nbsp;Buddhismo. Il&nbsp;Corano non reputa&nbsp;la nascita di Ges\u00f9, considerato comunque un profeta importante, una festa da festeggiare. Niente decorazioni natalizie dunque in <strong>Marocco<\/strong>, <strong>Turchia<\/strong> o <strong>Iran<\/strong>. Anche il&nbsp;Buddhismo&nbsp;non prevede festeggiamenti per il giorno di Natale.<\/p>\n\n\n\n<p>Tuttavia ci sono alcuni paesi che hanno risentito delle influenze americane ed europee, dove in quelli che sono i nostri giorni di festa, la vita scorre regolarmente, convivendo con le decorazioni natalizie. In altri invece il Natale viene sostituito, in un periodo diverso dell\u2019anno, con celebrazioni che esaltano la luce, la musica, le danze ed il cibo.<\/p>\n\n\n\n<h2 class=\"wp-block-heading\">India, Giappone, Cina<\/h2>\n\n\n\n<p>Le comunit\u00e0 cristiane in India sono poche ed il Natale non si festeggia. \u00c8 la festa delle luci,<strong> Diwali<\/strong>, la pi\u00f9 importante tra gli indiani, dedicata alla luce nel suo senso fisico e spirituale durante la quale si accendono candele galleggianti o lanterne che simboleggiano la rinascita. Per l\u2019occasione si indossano abiti nuovi e si scambiano piccoli doni.<\/p>\n\n\n\n<p>In&nbsp;Giappone il Natale assume un significato diverso da quello strettamente religioso. \u00c8 una giornata da trascorrere con gli amici, fare shopping o uscire, una giornata dedicata al consumismo. Il&nbsp;24 dicembre&nbsp;\u00e8 un giorno dedicato agli innamorati che tradizionalmente si scambiano un regalo e vanno a cena fuori per mangiare&nbsp;il pollo fritto e la&nbsp;<strong>Christmas Cake<\/strong>, una torta di pan di spagna con panna montata e fragole, decorata con le immagini di Babbo Natale, chiamata dai giapponesi&nbsp;<strong><strong>Santa-San<\/strong>&nbsp;(\u30b5\u30f3\u30bf\u3055\u3093).<\/strong><\/p>\n\n\n\n<p>Neanche i cinesi fanno l\u2019albero di Natale cene o regali da scambiare la mattina del 25. Se escono a cena, per l\u2019occasione ordinano un piatto tipico di Suzhou, l\u2019<strong>anatra degli otto tesori<\/strong>, una versione tradizionale cinese del tacchino ripieno americano! L\u2019anatra viene infatti riempita con svariati ingredienti come carne di pollo, gamberi, castagne, bamb\u00f9, riso e salsa di soia. Un\u2019altra usanza \u00e8 quella di regalare delle mele il giorno della Vigilia come simbolo di pace e serenit\u00e0.<\/p>\n\n\n\n<div data-carousel-extra='{\"blog_id\":1,\"permalink\":\"https:\\\/\\\/fontegaiatour.it\\\/blog\\\/in-viaggio-con-il-grinch-alcuni-luoghi-nel-mondo-dove-non-si-festeggia-il-natale\\\/\"}'  class=\"wp-block-jetpack-tiled-gallery aligncenter is-style-rectangular\"><div class=\"tiled-gallery__gallery\"><div class=\"tiled-gallery__row\"><div class=\"tiled-gallery__col\" style=\"flex-basis:44.10359%\"><figure class=\"tiled-gallery__item\"><img data-attachment-id=\"633\" data-permalink=\"https:\/\/fontegaiatour.it\/blog\/in-viaggio-con-il-grinch-alcuni-luoghi-nel-mondo-dove-non-si-festeggia-il-natale\/viaggio_grinch_02\/\" data-orig-file=\"https:\/\/i0.wp.com\/fontegaiatour.it\/blog\/wp-content\/uploads\/viaggio_grinch_02.jpeg?fit=1337%2C891&amp;ssl=1\" data-orig-size=\"1337,891\" data-comments-opened=\"1\" data-image-meta=\"{&quot;aperture&quot;:&quot;0&quot;,&quot;credit&quot;:&quot;&quot;,&quot;camera&quot;:&quot;&quot;,&quot;caption&quot;:&quot;&quot;,&quot;created_timestamp&quot;:&quot;0&quot;,&quot;copyright&quot;:&quot;&quot;,&quot;focal_length&quot;:&quot;0&quot;,&quot;iso&quot;:&quot;0&quot;,&quot;shutter_speed&quot;:&quot;0&quot;,&quot;title&quot;:&quot;&quot;,&quot;orientation&quot;:&quot;1&quot;}\" data-image-title=\"Natale con il Grinch\" data-image-description=\"\" data-image-caption=\"&lt;p&gt;Natale con il Grinch&lt;\/p&gt;\n\" data-medium-file=\"https:\/\/i0.wp.com\/fontegaiatour.it\/blog\/wp-content\/uploads\/viaggio_grinch_02.jpeg?fit=300%2C200&amp;ssl=1\" data-large-file=\"https:\/\/i0.wp.com\/fontegaiatour.it\/blog\/wp-content\/uploads\/viaggio_grinch_02.jpeg?fit=760%2C506&amp;ssl=1\" decoding=\"async\" data-attachment-id=\"633\" data-permalink=\"https:\/\/fontegaiatour.it\/blog\/in-viaggio-con-il-grinch-alcuni-luoghi-nel-mondo-dove-non-si-festeggia-il-natale\/viaggio_grinch_02\/\" data-orig-file=\"https:\/\/i0.wp.com\/fontegaiatour.it\/blog\/wp-content\/uploads\/viaggio_grinch_02.jpeg?fit=1337%2C891&amp;ssl=1\" data-orig-size=\"1337,891\" data-comments-opened=\"1\" data-image-meta=\"{&quot;aperture&quot;:&quot;0&quot;,&quot;credit&quot;:&quot;&quot;,&quot;camera&quot;:&quot;&quot;,&quot;caption&quot;:&quot;&quot;,&quot;created_timestamp&quot;:&quot;0&quot;,&quot;copyright&quot;:&quot;&quot;,&quot;focal_length&quot;:&quot;0&quot;,&quot;iso&quot;:&quot;0&quot;,&quot;shutter_speed&quot;:&quot;0&quot;,&quot;title&quot;:&quot;&quot;,&quot;orientation&quot;:&quot;1&quot;}\" data-image-title=\"Natale con il Grinch\" data-image-description=\"\" data-image-caption=\"&lt;p&gt;Natale con il Grinch&lt;\/p&gt;\n\" data-medium-file=\"https:\/\/i0.wp.com\/fontegaiatour.it\/blog\/wp-content\/uploads\/viaggio_grinch_02.jpeg?fit=300%2C200&amp;ssl=1\" data-large-file=\"https:\/\/i0.wp.com\/fontegaiatour.it\/blog\/wp-content\/uploads\/viaggio_grinch_02.jpeg?fit=760%2C506&amp;ssl=1\" srcset=\"https:\/\/i1.wp.com\/www.fontegaiatour.it\/blog\/wp-content\/uploads\/viaggio_grinch_02-1024x682.jpeg?strip=info&#038;w=600&#038;ssl=1 600w,https:\/\/i1.wp.com\/www.fontegaiatour.it\/blog\/wp-content\/uploads\/viaggio_grinch_02-1024x682.jpeg?strip=info&#038;w=900&#038;ssl=1 900w,https:\/\/i1.wp.com\/www.fontegaiatour.it\/blog\/wp-content\/uploads\/viaggio_grinch_02-1024x682.jpeg?strip=info&#038;w=1200&#038;ssl=1 1200w,https:\/\/i1.wp.com\/www.fontegaiatour.it\/blog\/wp-content\/uploads\/viaggio_grinch_02-1024x682.jpeg?strip=info&#038;w=1337&#038;ssl=1 1337w\" alt=\"\" data-height=\"891\" data-id=\"633\" data-link=\"https:\/\/www.fontegaiatour.it\/blog\/?attachment_id=633\" data-url=\"https:\/\/www.fontegaiatour.it\/blog\/wp-content\/uploads\/viaggio_grinch_02-1024x682.jpeg\" data-width=\"1337\" src=\"https:\/\/i1.wp.com\/www.fontegaiatour.it\/blog\/wp-content\/uploads\/viaggio_grinch_02-1024x682.jpeg?ssl=1\" data-amp-layout=\"responsive\"\/><\/figure><\/div><div class=\"tiled-gallery__col\" style=\"flex-basis:16.60405%\"><figure class=\"tiled-gallery__item\"><img data-attachment-id=\"632\" data-permalink=\"https:\/\/fontegaiatour.it\/blog\/in-viaggio-con-il-grinch-alcuni-luoghi-nel-mondo-dove-non-si-festeggia-il-natale\/viaggio_grinch_01\/\" data-orig-file=\"https:\/\/i0.wp.com\/fontegaiatour.it\/blog\/wp-content\/uploads\/viaggio_grinch_01.jpeg?fit=619%2C1100&amp;ssl=1\" data-orig-size=\"619,1100\" data-comments-opened=\"1\" data-image-meta=\"{&quot;aperture&quot;:&quot;0&quot;,&quot;credit&quot;:&quot;&quot;,&quot;camera&quot;:&quot;&quot;,&quot;caption&quot;:&quot;&quot;,&quot;created_timestamp&quot;:&quot;0&quot;,&quot;copyright&quot;:&quot;&quot;,&quot;focal_length&quot;:&quot;0&quot;,&quot;iso&quot;:&quot;0&quot;,&quot;shutter_speed&quot;:&quot;0&quot;,&quot;title&quot;:&quot;&quot;,&quot;orientation&quot;:&quot;1&quot;}\" data-image-title=\"Natale con il Grinch\" data-image-description=\"\" data-image-caption=\"&lt;p&gt;Natale con il Grinch&lt;\/p&gt;\n\" data-medium-file=\"https:\/\/i0.wp.com\/fontegaiatour.it\/blog\/wp-content\/uploads\/viaggio_grinch_01.jpeg?fit=169%2C300&amp;ssl=1\" data-large-file=\"https:\/\/i0.wp.com\/fontegaiatour.it\/blog\/wp-content\/uploads\/viaggio_grinch_01.jpeg?fit=576%2C1024&amp;ssl=1\" decoding=\"async\" data-attachment-id=\"632\" data-permalink=\"https:\/\/fontegaiatour.it\/blog\/in-viaggio-con-il-grinch-alcuni-luoghi-nel-mondo-dove-non-si-festeggia-il-natale\/viaggio_grinch_01\/\" data-orig-file=\"https:\/\/i0.wp.com\/fontegaiatour.it\/blog\/wp-content\/uploads\/viaggio_grinch_01.jpeg?fit=619%2C1100&amp;ssl=1\" data-orig-size=\"619,1100\" data-comments-opened=\"1\" data-image-meta=\"{&quot;aperture&quot;:&quot;0&quot;,&quot;credit&quot;:&quot;&quot;,&quot;camera&quot;:&quot;&quot;,&quot;caption&quot;:&quot;&quot;,&quot;created_timestamp&quot;:&quot;0&quot;,&quot;copyright&quot;:&quot;&quot;,&quot;focal_length&quot;:&quot;0&quot;,&quot;iso&quot;:&quot;0&quot;,&quot;shutter_speed&quot;:&quot;0&quot;,&quot;title&quot;:&quot;&quot;,&quot;orientation&quot;:&quot;1&quot;}\" data-image-title=\"Natale con il Grinch\" data-image-description=\"\" data-image-caption=\"&lt;p&gt;Natale con il Grinch&lt;\/p&gt;\n\" data-medium-file=\"https:\/\/i0.wp.com\/fontegaiatour.it\/blog\/wp-content\/uploads\/viaggio_grinch_01.jpeg?fit=169%2C300&amp;ssl=1\" data-large-file=\"https:\/\/i0.wp.com\/fontegaiatour.it\/blog\/wp-content\/uploads\/viaggio_grinch_01.jpeg?fit=576%2C1024&amp;ssl=1\" srcset=\"https:\/\/i1.wp.com\/www.fontegaiatour.it\/blog\/wp-content\/uploads\/viaggio_grinch_01-576x1024.jpeg?strip=info&#038;w=600&#038;ssl=1 600w,https:\/\/i1.wp.com\/www.fontegaiatour.it\/blog\/wp-content\/uploads\/viaggio_grinch_01-576x1024.jpeg?strip=info&#038;w=619&#038;ssl=1 619w\" alt=\"\" data-height=\"1100\" data-id=\"632\" data-link=\"https:\/\/www.fontegaiatour.it\/blog\/?attachment_id=632\" data-url=\"https:\/\/www.fontegaiatour.it\/blog\/wp-content\/uploads\/viaggio_grinch_01-576x1024.jpeg\" data-width=\"619\" src=\"https:\/\/i1.wp.com\/www.fontegaiatour.it\/blog\/wp-content\/uploads\/viaggio_grinch_01-576x1024.jpeg?ssl=1\" data-amp-layout=\"responsive\"\/><\/figure><\/div><div class=\"tiled-gallery__col\" style=\"flex-basis:19.64056%\"><figure class=\"tiled-gallery__item\"><img data-attachment-id=\"636\" data-permalink=\"https:\/\/fontegaiatour.it\/blog\/in-viaggio-con-il-grinch-alcuni-luoghi-nel-mondo-dove-non-si-festeggia-il-natale\/viaggio_grinch_05\/\" data-orig-file=\"https:\/\/i0.wp.com\/fontegaiatour.it\/blog\/wp-content\/uploads\/viaggio_grinch_05.jpeg?fit=579%2C869&amp;ssl=1\" data-orig-size=\"579,869\" data-comments-opened=\"1\" data-image-meta=\"{&quot;aperture&quot;:&quot;0&quot;,&quot;credit&quot;:&quot;&quot;,&quot;camera&quot;:&quot;&quot;,&quot;caption&quot;:&quot;&quot;,&quot;created_timestamp&quot;:&quot;0&quot;,&quot;copyright&quot;:&quot;&quot;,&quot;focal_length&quot;:&quot;0&quot;,&quot;iso&quot;:&quot;0&quot;,&quot;shutter_speed&quot;:&quot;0&quot;,&quot;title&quot;:&quot;&quot;,&quot;orientation&quot;:&quot;1&quot;}\" data-image-title=\"Natale con il Grinch\" data-image-description=\"\" data-image-caption=\"&lt;p&gt;Natale con il Grinch&lt;\/p&gt;\n\" data-medium-file=\"https:\/\/i0.wp.com\/fontegaiatour.it\/blog\/wp-content\/uploads\/viaggio_grinch_05.jpeg?fit=200%2C300&amp;ssl=1\" data-large-file=\"https:\/\/i0.wp.com\/fontegaiatour.it\/blog\/wp-content\/uploads\/viaggio_grinch_05.jpeg?fit=579%2C869&amp;ssl=1\" decoding=\"async\" data-attachment-id=\"636\" data-permalink=\"https:\/\/fontegaiatour.it\/blog\/in-viaggio-con-il-grinch-alcuni-luoghi-nel-mondo-dove-non-si-festeggia-il-natale\/viaggio_grinch_05\/\" data-orig-file=\"https:\/\/i0.wp.com\/fontegaiatour.it\/blog\/wp-content\/uploads\/viaggio_grinch_05.jpeg?fit=579%2C869&amp;ssl=1\" data-orig-size=\"579,869\" data-comments-opened=\"1\" data-image-meta=\"{&quot;aperture&quot;:&quot;0&quot;,&quot;credit&quot;:&quot;&quot;,&quot;camera&quot;:&quot;&quot;,&quot;caption&quot;:&quot;&quot;,&quot;created_timestamp&quot;:&quot;0&quot;,&quot;copyright&quot;:&quot;&quot;,&quot;focal_length&quot;:&quot;0&quot;,&quot;iso&quot;:&quot;0&quot;,&quot;shutter_speed&quot;:&quot;0&quot;,&quot;title&quot;:&quot;&quot;,&quot;orientation&quot;:&quot;1&quot;}\" data-image-title=\"Natale con il Grinch\" data-image-description=\"\" data-image-caption=\"&lt;p&gt;Natale con il Grinch&lt;\/p&gt;\n\" data-medium-file=\"https:\/\/i0.wp.com\/fontegaiatour.it\/blog\/wp-content\/uploads\/viaggio_grinch_05.jpeg?fit=200%2C300&amp;ssl=1\" data-large-file=\"https:\/\/i0.wp.com\/fontegaiatour.it\/blog\/wp-content\/uploads\/viaggio_grinch_05.jpeg?fit=579%2C869&amp;ssl=1\" srcset=\"https:\/\/i2.wp.com\/www.fontegaiatour.it\/blog\/wp-content\/uploads\/viaggio_grinch_05.jpeg?strip=info&#038;w=579&#038;ssl=1 579w\" alt=\"\" data-height=\"869\" data-id=\"636\" data-link=\"https:\/\/www.fontegaiatour.it\/blog\/?attachment_id=636\" data-url=\"https:\/\/www.fontegaiatour.it\/blog\/wp-content\/uploads\/viaggio_grinch_05.jpeg\" data-width=\"579\" src=\"https:\/\/i2.wp.com\/www.fontegaiatour.it\/blog\/wp-content\/uploads\/viaggio_grinch_05.jpeg?ssl=1\" data-amp-layout=\"responsive\"\/><\/figure><\/div><div class=\"tiled-gallery__col\" style=\"flex-basis:19.65180%\"><figure class=\"tiled-gallery__item\"><img data-attachment-id=\"635\" data-permalink=\"https:\/\/fontegaiatour.it\/blog\/in-viaggio-con-il-grinch-alcuni-luoghi-nel-mondo-dove-non-si-festeggia-il-natale\/viaggio_grinch_04\/\" data-orig-file=\"https:\/\/i0.wp.com\/fontegaiatour.it\/blog\/wp-content\/uploads\/viaggio_grinch_04.jpeg?fit=908%2C1362&amp;ssl=1\" data-orig-size=\"908,1362\" data-comments-opened=\"1\" data-image-meta=\"{&quot;aperture&quot;:&quot;0&quot;,&quot;credit&quot;:&quot;&quot;,&quot;camera&quot;:&quot;&quot;,&quot;caption&quot;:&quot;&quot;,&quot;created_timestamp&quot;:&quot;0&quot;,&quot;copyright&quot;:&quot;&quot;,&quot;focal_length&quot;:&quot;0&quot;,&quot;iso&quot;:&quot;0&quot;,&quot;shutter_speed&quot;:&quot;0&quot;,&quot;title&quot;:&quot;&quot;,&quot;orientation&quot;:&quot;1&quot;}\" data-image-title=\"Natale con il Grinch\" data-image-description=\"\" data-image-caption=\"&lt;p&gt;Natale con il Grinch&lt;\/p&gt;\n\" data-medium-file=\"https:\/\/i0.wp.com\/fontegaiatour.it\/blog\/wp-content\/uploads\/viaggio_grinch_04.jpeg?fit=200%2C300&amp;ssl=1\" data-large-file=\"https:\/\/i0.wp.com\/fontegaiatour.it\/blog\/wp-content\/uploads\/viaggio_grinch_04.jpeg?fit=683%2C1024&amp;ssl=1\" decoding=\"async\" data-attachment-id=\"635\" data-permalink=\"https:\/\/fontegaiatour.it\/blog\/in-viaggio-con-il-grinch-alcuni-luoghi-nel-mondo-dove-non-si-festeggia-il-natale\/viaggio_grinch_04\/\" data-orig-file=\"https:\/\/i0.wp.com\/fontegaiatour.it\/blog\/wp-content\/uploads\/viaggio_grinch_04.jpeg?fit=908%2C1362&amp;ssl=1\" data-orig-size=\"908,1362\" data-comments-opened=\"1\" data-image-meta=\"{&quot;aperture&quot;:&quot;0&quot;,&quot;credit&quot;:&quot;&quot;,&quot;camera&quot;:&quot;&quot;,&quot;caption&quot;:&quot;&quot;,&quot;created_timestamp&quot;:&quot;0&quot;,&quot;copyright&quot;:&quot;&quot;,&quot;focal_length&quot;:&quot;0&quot;,&quot;iso&quot;:&quot;0&quot;,&quot;shutter_speed&quot;:&quot;0&quot;,&quot;title&quot;:&quot;&quot;,&quot;orientation&quot;:&quot;1&quot;}\" data-image-title=\"Natale con il Grinch\" data-image-description=\"\" data-image-caption=\"&lt;p&gt;Natale con il Grinch&lt;\/p&gt;\n\" data-medium-file=\"https:\/\/i0.wp.com\/fontegaiatour.it\/blog\/wp-content\/uploads\/viaggio_grinch_04.jpeg?fit=200%2C300&amp;ssl=1\" data-large-file=\"https:\/\/i0.wp.com\/fontegaiatour.it\/blog\/wp-content\/uploads\/viaggio_grinch_04.jpeg?fit=683%2C1024&amp;ssl=1\" srcset=\"https:\/\/i0.wp.com\/www.fontegaiatour.it\/blog\/wp-content\/uploads\/viaggio_grinch_04-683x1024.jpeg?strip=info&#038;w=600&#038;ssl=1 600w,https:\/\/i0.wp.com\/www.fontegaiatour.it\/blog\/wp-content\/uploads\/viaggio_grinch_04-683x1024.jpeg?strip=info&#038;w=900&#038;ssl=1 900w,https:\/\/i0.wp.com\/www.fontegaiatour.it\/blog\/wp-content\/uploads\/viaggio_grinch_04-683x1024.jpeg?strip=info&#038;w=908&#038;ssl=1 908w\" alt=\"\" data-height=\"1362\" data-id=\"635\" data-link=\"https:\/\/www.fontegaiatour.it\/blog\/?attachment_id=635\" data-url=\"https:\/\/www.fontegaiatour.it\/blog\/wp-content\/uploads\/viaggio_grinch_04-683x1024.jpeg\" data-width=\"908\" src=\"https:\/\/i0.wp.com\/www.fontegaiatour.it\/blog\/wp-content\/uploads\/viaggio_grinch_04-683x1024.jpeg?ssl=1\" data-amp-layout=\"responsive\"\/><\/figure><\/div><\/div><\/div><\/div>\n\n\n\n<h2 class=\"wp-block-heading\">Il Natale in Marocco e Turchia<\/h2>\n\n\n\n<p><strong>Il Natale musulmano onora la nascita del Profeta Maometto<\/strong> e come ogni evento nel calendario islamico, si celebra in base alle fasi lunari, il 12\u00b0 e 13\u00b0 giorno del&nbsp;3\u00b0 mese del calendario musulmano&nbsp;(<strong>Rabi al-\u00e0wwal<\/strong>) e non il 25 Dicembre.<\/p>\n\n\n\n<p>In <strong>Marocco<\/strong> \u00e8&nbsp;festa nazionale&nbsp;e la giornata si trascorre in&nbsp;famiglia, indossando abiti tradizionali e&nbsp;ricordando la vita e gli&nbsp;insegnamenti del Profeta. Nelle moschee si organizzano&nbsp;veglie di preghiera, lettura di poesie e canti spirituali.&nbsp;In alcune citt\u00e0 del Marocco l\u2019evento si celebra anche per le strade festeggiando con&nbsp;musica e canti tipici. <\/p>\n\n\n\n<p>Durante il Natale islamico tra le prelibatezze da assaggiare ci sono cous cous, frutta secca e leben (latte fermentato). Vengono inoltre preparati tre tipi di pane: uno molto sottile da mangiare con burro e miele (\u201cbarrire\u201d), uno molto morbido con olio di oliva e olive nere ed il pane tradizionale. Immancabile il t\u00e8 servito con arachidi, mandorle e datteri.<\/p>\n\n\n\n<div data-carousel-extra='{\"blog_id\":1,\"permalink\":\"https:\\\/\\\/fontegaiatour.it\\\/blog\\\/in-viaggio-con-il-grinch-alcuni-luoghi-nel-mondo-dove-non-si-festeggia-il-natale\\\/\"}'  class=\"wp-block-jetpack-tiled-gallery aligncenter is-style-rectangular\"><div class=\"tiled-gallery__gallery\"><div class=\"tiled-gallery__row\"><div class=\"tiled-gallery__col\" style=\"flex-basis:34.71554%\"><figure class=\"tiled-gallery__item\"><img data-attachment-id=\"639\" data-permalink=\"https:\/\/fontegaiatour.it\/blog\/in-viaggio-con-il-grinch-alcuni-luoghi-nel-mondo-dove-non-si-festeggia-il-natale\/pexels-photo-9289750\/\" data-orig-file=\"https:\/\/i0.wp.com\/fontegaiatour.it\/blog\/wp-content\/uploads\/pexels-photo-9289750.jpeg?fit=975%2C1300&amp;ssl=1\" data-orig-size=\"975,1300\" data-comments-opened=\"1\" data-image-meta=\"{&quot;aperture&quot;:&quot;0&quot;,&quot;credit&quot;:&quot;&quot;,&quot;camera&quot;:&quot;&quot;,&quot;caption&quot;:&quot;Photo by Ann Zzz on &lt;a href=\\&quot;https:\\\/\\\/www.pexels.com\\\/photo\\\/light-city-art-architecture-9289750\\\/\\&quot; rel=\\&quot;nofollow\\&quot;&gt;Pexels.com&lt;\\\/a&gt;&quot;,&quot;created_timestamp&quot;:&quot;0&quot;,&quot;copyright&quot;:&quot;&quot;,&quot;focal_length&quot;:&quot;0&quot;,&quot;iso&quot;:&quot;0&quot;,&quot;shutter_speed&quot;:&quot;0&quot;,&quot;title&quot;:&quot;light city art architecture&quot;,&quot;orientation&quot;:&quot;0&quot;}\" data-image-title=\"pexels-photo-9289750\" data-image-description=\"\" data-image-caption=\"&lt;p&gt;Photo by Ann Zzz on &lt;a href=&quot;https:\/\/www.pexels.com\/photo\/light-city-art-architecture-9289750\/&quot; rel=&quot;nofollow&quot;&gt;Pexels.com&lt;\/a&gt;&lt;\/p&gt;\n\" data-medium-file=\"https:\/\/i0.wp.com\/fontegaiatour.it\/blog\/wp-content\/uploads\/pexels-photo-9289750.jpeg?fit=225%2C300&amp;ssl=1\" data-large-file=\"https:\/\/i0.wp.com\/fontegaiatour.it\/blog\/wp-content\/uploads\/pexels-photo-9289750.jpeg?fit=760%2C1013&amp;ssl=1\" decoding=\"async\" data-attachment-id=\"639\" data-permalink=\"https:\/\/fontegaiatour.it\/blog\/in-viaggio-con-il-grinch-alcuni-luoghi-nel-mondo-dove-non-si-festeggia-il-natale\/pexels-photo-9289750\/\" data-orig-file=\"https:\/\/i0.wp.com\/fontegaiatour.it\/blog\/wp-content\/uploads\/pexels-photo-9289750.jpeg?fit=975%2C1300&amp;ssl=1\" data-orig-size=\"975,1300\" data-comments-opened=\"1\" data-image-meta=\"{&quot;aperture&quot;:&quot;0&quot;,&quot;credit&quot;:&quot;&quot;,&quot;camera&quot;:&quot;&quot;,&quot;caption&quot;:&quot;Photo by Ann Zzz on &lt;a href=\\&quot;https:\\\/\\\/www.pexels.com\\\/photo\\\/light-city-art-architecture-9289750\\\/\\&quot; rel=\\&quot;nofollow\\&quot;&gt;Pexels.com&lt;\\\/a&gt;&quot;,&quot;created_timestamp&quot;:&quot;0&quot;,&quot;copyright&quot;:&quot;&quot;,&quot;focal_length&quot;:&quot;0&quot;,&quot;iso&quot;:&quot;0&quot;,&quot;shutter_speed&quot;:&quot;0&quot;,&quot;title&quot;:&quot;light city art architecture&quot;,&quot;orientation&quot;:&quot;0&quot;}\" data-image-title=\"pexels-photo-9289750\" data-image-description=\"\" data-image-caption=\"&lt;p&gt;Photo by Ann Zzz on &lt;a href=&quot;https:\/\/www.pexels.com\/photo\/light-city-art-architecture-9289750\/&quot; rel=&quot;nofollow&quot;&gt;Pexels.com&lt;\/a&gt;&lt;\/p&gt;\n\" data-medium-file=\"https:\/\/i0.wp.com\/fontegaiatour.it\/blog\/wp-content\/uploads\/pexels-photo-9289750.jpeg?fit=225%2C300&amp;ssl=1\" data-large-file=\"https:\/\/i0.wp.com\/fontegaiatour.it\/blog\/wp-content\/uploads\/pexels-photo-9289750.jpeg?fit=760%2C1013&amp;ssl=1\" srcset=\"https:\/\/i2.wp.com\/www.fontegaiatour.it\/blog\/wp-content\/uploads\/pexels-photo-9289750-768x1024.jpeg?strip=info&#038;w=600&#038;ssl=1 600w,https:\/\/i2.wp.com\/www.fontegaiatour.it\/blog\/wp-content\/uploads\/pexels-photo-9289750-768x1024.jpeg?strip=info&#038;w=900&#038;ssl=1 900w,https:\/\/i2.wp.com\/www.fontegaiatour.it\/blog\/wp-content\/uploads\/pexels-photo-9289750-768x1024.jpeg?strip=info&#038;w=975&#038;ssl=1 975w\" alt=\"light city art architecture\" data-height=\"1300\" data-id=\"639\" data-link=\"https:\/\/www.fontegaiatour.it\/blog\/?attachment_id=639\" data-url=\"https:\/\/www.fontegaiatour.it\/blog\/wp-content\/uploads\/pexels-photo-9289750-768x1024.jpeg\" data-width=\"975\" src=\"https:\/\/i2.wp.com\/www.fontegaiatour.it\/blog\/wp-content\/uploads\/pexels-photo-9289750-768x1024.jpeg?ssl=1\" data-amp-layout=\"responsive\"\/><\/figure><\/div><div class=\"tiled-gallery__col\" style=\"flex-basis:34.38779%\"><figure class=\"tiled-gallery__item\"><img data-attachment-id=\"638\" data-permalink=\"https:\/\/fontegaiatour.it\/blog\/in-viaggio-con-il-grinch-alcuni-luoghi-nel-mondo-dove-non-si-festeggia-il-natale\/pexels-photo-65171\/\" data-orig-file=\"https:\/\/i0.wp.com\/fontegaiatour.it\/blog\/wp-content\/uploads\/pexels-photo-65171.jpeg?fit=1880%2C1251&amp;ssl=1\" data-orig-size=\"1880,1251\" data-comments-opened=\"1\" data-image-meta=\"{&quot;aperture&quot;:&quot;0&quot;,&quot;credit&quot;:&quot;&quot;,&quot;camera&quot;:&quot;&quot;,&quot;caption&quot;:&quot;Photo by mali maeder on &lt;a href=\\&quot;https:\\\/\\\/www.pexels.com\\\/photo\\\/red-bell-pepper-65171\\\/\\&quot; rel=\\&quot;nofollow\\&quot;&gt;Pexels.com&lt;\\\/a&gt;&quot;,&quot;created_timestamp&quot;:&quot;0&quot;,&quot;copyright&quot;:&quot;&quot;,&quot;focal_length&quot;:&quot;0&quot;,&quot;iso&quot;:&quot;0&quot;,&quot;shutter_speed&quot;:&quot;0&quot;,&quot;title&quot;:&quot;red bell pepper&quot;,&quot;orientation&quot;:&quot;0&quot;}\" data-image-title=\"pexels-photo-65171\" data-image-description=\"\" data-image-caption=\"&lt;p&gt;Photo by mali maeder on &lt;a href=&quot;https:\/\/www.pexels.com\/photo\/red-bell-pepper-65171\/&quot; rel=&quot;nofollow&quot;&gt;Pexels.com&lt;\/a&gt;&lt;\/p&gt;\n\" data-medium-file=\"https:\/\/i0.wp.com\/fontegaiatour.it\/blog\/wp-content\/uploads\/pexels-photo-65171.jpeg?fit=300%2C200&amp;ssl=1\" data-large-file=\"https:\/\/i0.wp.com\/fontegaiatour.it\/blog\/wp-content\/uploads\/pexels-photo-65171.jpeg?fit=760%2C505&amp;ssl=1\" decoding=\"async\" data-attachment-id=\"638\" data-permalink=\"https:\/\/fontegaiatour.it\/blog\/in-viaggio-con-il-grinch-alcuni-luoghi-nel-mondo-dove-non-si-festeggia-il-natale\/pexels-photo-65171\/\" data-orig-file=\"https:\/\/i0.wp.com\/fontegaiatour.it\/blog\/wp-content\/uploads\/pexels-photo-65171.jpeg?fit=1880%2C1251&amp;ssl=1\" data-orig-size=\"1880,1251\" data-comments-opened=\"1\" data-image-meta=\"{&quot;aperture&quot;:&quot;0&quot;,&quot;credit&quot;:&quot;&quot;,&quot;camera&quot;:&quot;&quot;,&quot;caption&quot;:&quot;Photo by mali maeder on &lt;a href=\\&quot;https:\\\/\\\/www.pexels.com\\\/photo\\\/red-bell-pepper-65171\\\/\\&quot; rel=\\&quot;nofollow\\&quot;&gt;Pexels.com&lt;\\\/a&gt;&quot;,&quot;created_timestamp&quot;:&quot;0&quot;,&quot;copyright&quot;:&quot;&quot;,&quot;focal_length&quot;:&quot;0&quot;,&quot;iso&quot;:&quot;0&quot;,&quot;shutter_speed&quot;:&quot;0&quot;,&quot;title&quot;:&quot;red bell pepper&quot;,&quot;orientation&quot;:&quot;0&quot;}\" data-image-title=\"pexels-photo-65171\" data-image-description=\"\" data-image-caption=\"&lt;p&gt;Photo by mali maeder on &lt;a href=&quot;https:\/\/www.pexels.com\/photo\/red-bell-pepper-65171\/&quot; rel=&quot;nofollow&quot;&gt;Pexels.com&lt;\/a&gt;&lt;\/p&gt;\n\" data-medium-file=\"https:\/\/i0.wp.com\/fontegaiatour.it\/blog\/wp-content\/uploads\/pexels-photo-65171.jpeg?fit=300%2C200&amp;ssl=1\" data-large-file=\"https:\/\/i0.wp.com\/fontegaiatour.it\/blog\/wp-content\/uploads\/pexels-photo-65171.jpeg?fit=760%2C505&amp;ssl=1\" srcset=\"https:\/\/i2.wp.com\/www.fontegaiatour.it\/blog\/wp-content\/uploads\/pexels-photo-65171-1024x681.jpeg?strip=info&#038;w=600&#038;ssl=1 600w,https:\/\/i2.wp.com\/www.fontegaiatour.it\/blog\/wp-content\/uploads\/pexels-photo-65171-1024x681.jpeg?strip=info&#038;w=900&#038;ssl=1 900w,https:\/\/i2.wp.com\/www.fontegaiatour.it\/blog\/wp-content\/uploads\/pexels-photo-65171-1024x681.jpeg?strip=info&#038;w=1200&#038;ssl=1 1200w,https:\/\/i2.wp.com\/www.fontegaiatour.it\/blog\/wp-content\/uploads\/pexels-photo-65171-1024x681.jpeg?strip=info&#038;w=1500&#038;ssl=1 1500w,https:\/\/i2.wp.com\/www.fontegaiatour.it\/blog\/wp-content\/uploads\/pexels-photo-65171-1024x681.jpeg?strip=info&#038;w=1800&#038;ssl=1 1800w,https:\/\/i2.wp.com\/www.fontegaiatour.it\/blog\/wp-content\/uploads\/pexels-photo-65171-1024x681.jpeg?strip=info&#038;w=1880&#038;ssl=1 1880w\" alt=\"red bell pepper\" data-height=\"1251\" data-id=\"638\" data-link=\"https:\/\/www.fontegaiatour.it\/blog\/?attachment_id=638\" data-url=\"https:\/\/www.fontegaiatour.it\/blog\/wp-content\/uploads\/pexels-photo-65171-1024x681.jpeg\" data-width=\"1880\" src=\"https:\/\/i2.wp.com\/www.fontegaiatour.it\/blog\/wp-content\/uploads\/pexels-photo-65171-1024x681.jpeg?ssl=1\" data-amp-layout=\"responsive\"\/><\/figure><figure class=\"tiled-gallery__item\"><img data-attachment-id=\"641\" data-permalink=\"https:\/\/fontegaiatour.it\/blog\/in-viaggio-con-il-grinch-alcuni-luoghi-nel-mondo-dove-non-si-festeggia-il-natale\/pexels-photo-2233416\/\" data-orig-file=\"https:\/\/i0.wp.com\/fontegaiatour.it\/blog\/wp-content\/uploads\/pexels-photo-2233416.jpeg?fit=1880%2C1253&amp;ssl=1\" data-orig-size=\"1880,1253\" data-comments-opened=\"1\" data-image-meta=\"{&quot;aperture&quot;:&quot;0&quot;,&quot;credit&quot;:&quot;&quot;,&quot;camera&quot;:&quot;&quot;,&quot;caption&quot;:&quot;Photo by Ahmed Aqtai on &lt;a href=\\&quot;https:\\\/\\\/www.pexels.com\\\/photo\\\/photo-of-ramadan-light-on-top-of-table-2233416\\\/\\&quot; rel=\\&quot;nofollow\\&quot;&gt;Pexels.com&lt;\\\/a&gt;&quot;,&quot;created_timestamp&quot;:&quot;0&quot;,&quot;copyright&quot;:&quot;&quot;,&quot;focal_length&quot;:&quot;0&quot;,&quot;iso&quot;:&quot;0&quot;,&quot;shutter_speed&quot;:&quot;0&quot;,&quot;title&quot;:&quot;photo of ramadan light on top of table&quot;,&quot;orientation&quot;:&quot;0&quot;}\" data-image-title=\"pexels-photo-2233416\" data-image-description=\"\" data-image-caption=\"&lt;p&gt;Photo by Ahmed Aqtai on &lt;a href=&quot;https:\/\/www.pexels.com\/photo\/photo-of-ramadan-light-on-top-of-table-2233416\/&quot; rel=&quot;nofollow&quot;&gt;Pexels.com&lt;\/a&gt;&lt;\/p&gt;\n\" data-medium-file=\"https:\/\/i0.wp.com\/fontegaiatour.it\/blog\/wp-content\/uploads\/pexels-photo-2233416.jpeg?fit=300%2C200&amp;ssl=1\" data-large-file=\"https:\/\/i0.wp.com\/fontegaiatour.it\/blog\/wp-content\/uploads\/pexels-photo-2233416.jpeg?fit=760%2C506&amp;ssl=1\" decoding=\"async\" data-attachment-id=\"641\" data-permalink=\"https:\/\/fontegaiatour.it\/blog\/in-viaggio-con-il-grinch-alcuni-luoghi-nel-mondo-dove-non-si-festeggia-il-natale\/pexels-photo-2233416\/\" data-orig-file=\"https:\/\/i0.wp.com\/fontegaiatour.it\/blog\/wp-content\/uploads\/pexels-photo-2233416.jpeg?fit=1880%2C1253&amp;ssl=1\" data-orig-size=\"1880,1253\" data-comments-opened=\"1\" data-image-meta=\"{&quot;aperture&quot;:&quot;0&quot;,&quot;credit&quot;:&quot;&quot;,&quot;camera&quot;:&quot;&quot;,&quot;caption&quot;:&quot;Photo by Ahmed Aqtai on &lt;a href=\\&quot;https:\\\/\\\/www.pexels.com\\\/photo\\\/photo-of-ramadan-light-on-top-of-table-2233416\\\/\\&quot; rel=\\&quot;nofollow\\&quot;&gt;Pexels.com&lt;\\\/a&gt;&quot;,&quot;created_timestamp&quot;:&quot;0&quot;,&quot;copyright&quot;:&quot;&quot;,&quot;focal_length&quot;:&quot;0&quot;,&quot;iso&quot;:&quot;0&quot;,&quot;shutter_speed&quot;:&quot;0&quot;,&quot;title&quot;:&quot;photo of ramadan light on top of table&quot;,&quot;orientation&quot;:&quot;0&quot;}\" data-image-title=\"pexels-photo-2233416\" data-image-description=\"\" data-image-caption=\"&lt;p&gt;Photo by Ahmed Aqtai on &lt;a href=&quot;https:\/\/www.pexels.com\/photo\/photo-of-ramadan-light-on-top-of-table-2233416\/&quot; rel=&quot;nofollow&quot;&gt;Pexels.com&lt;\/a&gt;&lt;\/p&gt;\n\" data-medium-file=\"https:\/\/i0.wp.com\/fontegaiatour.it\/blog\/wp-content\/uploads\/pexels-photo-2233416.jpeg?fit=300%2C200&amp;ssl=1\" data-large-file=\"https:\/\/i0.wp.com\/fontegaiatour.it\/blog\/wp-content\/uploads\/pexels-photo-2233416.jpeg?fit=760%2C506&amp;ssl=1\" srcset=\"https:\/\/i1.wp.com\/www.fontegaiatour.it\/blog\/wp-content\/uploads\/pexels-photo-2233416-1024x682.jpeg?strip=info&#038;w=600&#038;ssl=1 600w,https:\/\/i1.wp.com\/www.fontegaiatour.it\/blog\/wp-content\/uploads\/pexels-photo-2233416-1024x682.jpeg?strip=info&#038;w=900&#038;ssl=1 900w,https:\/\/i1.wp.com\/www.fontegaiatour.it\/blog\/wp-content\/uploads\/pexels-photo-2233416-1024x682.jpeg?strip=info&#038;w=1200&#038;ssl=1 1200w,https:\/\/i1.wp.com\/www.fontegaiatour.it\/blog\/wp-content\/uploads\/pexels-photo-2233416-1024x682.jpeg?strip=info&#038;w=1500&#038;ssl=1 1500w,https:\/\/i1.wp.com\/www.fontegaiatour.it\/blog\/wp-content\/uploads\/pexels-photo-2233416-1024x682.jpeg?strip=info&#038;w=1800&#038;ssl=1 1800w,https:\/\/i1.wp.com\/www.fontegaiatour.it\/blog\/wp-content\/uploads\/pexels-photo-2233416-1024x682.jpeg?strip=info&#038;w=1880&#038;ssl=1 1880w\" alt=\"photo of ramadan light on top of table\" data-height=\"1253\" data-id=\"641\" data-link=\"https:\/\/www.fontegaiatour.it\/blog\/?attachment_id=641\" data-url=\"https:\/\/www.fontegaiatour.it\/blog\/wp-content\/uploads\/pexels-photo-2233416-1024x682.jpeg\" data-width=\"1880\" src=\"https:\/\/i1.wp.com\/www.fontegaiatour.it\/blog\/wp-content\/uploads\/pexels-photo-2233416-1024x682.jpeg?ssl=1\" data-amp-layout=\"responsive\"\/><\/figure><\/div><div class=\"tiled-gallery__col\" style=\"flex-basis:30.89666%\"><figure class=\"tiled-gallery__item\"><img data-attachment-id=\"643\" data-permalink=\"https:\/\/fontegaiatour.it\/blog\/in-viaggio-con-il-grinch-alcuni-luoghi-nel-mondo-dove-non-si-festeggia-il-natale\/pexels-photo-7249766\/\" data-orig-file=\"https:\/\/i0.wp.com\/fontegaiatour.it\/blog\/wp-content\/uploads\/pexels-photo-7249766.jpeg?fit=867%2C1300&amp;ssl=1\" data-orig-size=\"867,1300\" data-comments-opened=\"1\" data-image-meta=\"{&quot;aperture&quot;:&quot;0&quot;,&quot;credit&quot;:&quot;&quot;,&quot;camera&quot;:&quot;&quot;,&quot;caption&quot;:&quot;Photo by RDNE Stock project on &lt;a href=\\&quot;https:\\\/\\\/www.pexels.com\\\/photo\\\/bowl-of-dates-on-table-7249766\\\/\\&quot; rel=\\&quot;nofollow\\&quot;&gt;Pexels.com&lt;\\\/a&gt;&quot;,&quot;created_timestamp&quot;:&quot;0&quot;,&quot;copyright&quot;:&quot;&quot;,&quot;focal_length&quot;:&quot;0&quot;,&quot;iso&quot;:&quot;0&quot;,&quot;shutter_speed&quot;:&quot;0&quot;,&quot;title&quot;:&quot;bowl of dates on table&quot;,&quot;orientation&quot;:&quot;0&quot;}\" data-image-title=\"pexels-photo-7249766\" data-image-description=\"\" data-image-caption=\"&lt;p&gt;Photo by RDNE Stock project on &lt;a href=&quot;https:\/\/www.pexels.com\/photo\/bowl-of-dates-on-table-7249766\/&quot; rel=&quot;nofollow&quot;&gt;Pexels.com&lt;\/a&gt;&lt;\/p&gt;\n\" data-medium-file=\"https:\/\/i0.wp.com\/fontegaiatour.it\/blog\/wp-content\/uploads\/pexels-photo-7249766.jpeg?fit=200%2C300&amp;ssl=1\" data-large-file=\"https:\/\/i0.wp.com\/fontegaiatour.it\/blog\/wp-content\/uploads\/pexels-photo-7249766.jpeg?fit=683%2C1024&amp;ssl=1\" decoding=\"async\" data-attachment-id=\"643\" data-permalink=\"https:\/\/fontegaiatour.it\/blog\/in-viaggio-con-il-grinch-alcuni-luoghi-nel-mondo-dove-non-si-festeggia-il-natale\/pexels-photo-7249766\/\" data-orig-file=\"https:\/\/i0.wp.com\/fontegaiatour.it\/blog\/wp-content\/uploads\/pexels-photo-7249766.jpeg?fit=867%2C1300&amp;ssl=1\" data-orig-size=\"867,1300\" data-comments-opened=\"1\" data-image-meta=\"{&quot;aperture&quot;:&quot;0&quot;,&quot;credit&quot;:&quot;&quot;,&quot;camera&quot;:&quot;&quot;,&quot;caption&quot;:&quot;Photo by RDNE Stock project on &lt;a href=\\&quot;https:\\\/\\\/www.pexels.com\\\/photo\\\/bowl-of-dates-on-table-7249766\\\/\\&quot; rel=\\&quot;nofollow\\&quot;&gt;Pexels.com&lt;\\\/a&gt;&quot;,&quot;created_timestamp&quot;:&quot;0&quot;,&quot;copyright&quot;:&quot;&quot;,&quot;focal_length&quot;:&quot;0&quot;,&quot;iso&quot;:&quot;0&quot;,&quot;shutter_speed&quot;:&quot;0&quot;,&quot;title&quot;:&quot;bowl of dates on table&quot;,&quot;orientation&quot;:&quot;0&quot;}\" data-image-title=\"pexels-photo-7249766\" data-image-description=\"\" data-image-caption=\"&lt;p&gt;Photo by RDNE Stock project on &lt;a href=&quot;https:\/\/www.pexels.com\/photo\/bowl-of-dates-on-table-7249766\/&quot; rel=&quot;nofollow&quot;&gt;Pexels.com&lt;\/a&gt;&lt;\/p&gt;\n\" data-medium-file=\"https:\/\/i0.wp.com\/fontegaiatour.it\/blog\/wp-content\/uploads\/pexels-photo-7249766.jpeg?fit=200%2C300&amp;ssl=1\" data-large-file=\"https:\/\/i0.wp.com\/fontegaiatour.it\/blog\/wp-content\/uploads\/pexels-photo-7249766.jpeg?fit=683%2C1024&amp;ssl=1\" srcset=\"https:\/\/i0.wp.com\/www.fontegaiatour.it\/blog\/wp-content\/uploads\/pexels-photo-7249766-683x1024.jpeg?strip=info&#038;w=600&#038;ssl=1 600w,https:\/\/i0.wp.com\/www.fontegaiatour.it\/blog\/wp-content\/uploads\/pexels-photo-7249766-683x1024.jpeg?strip=info&#038;w=867&#038;ssl=1 867w\" alt=\"bowl of dates on table\" data-height=\"1300\" data-id=\"643\" data-link=\"https:\/\/www.fontegaiatour.it\/blog\/?attachment_id=643\" data-url=\"https:\/\/www.fontegaiatour.it\/blog\/wp-content\/uploads\/pexels-photo-7249766-683x1024.jpeg\" data-width=\"867\" src=\"https:\/\/i0.wp.com\/www.fontegaiatour.it\/blog\/wp-content\/uploads\/pexels-photo-7249766-683x1024.jpeg?ssl=1\" data-amp-layout=\"responsive\"\/><\/figure><\/div><\/div><\/div><\/div>\n\n\n\n<p>In&nbsp;<strong>Turchia<\/strong>&nbsp;il&nbsp;Natale&nbsp;viene celebrato solo dai cristiani, mentre i turchi musulmani aspettano il&nbsp;Capodanno&nbsp;per festeggiare. Durante questa ricorrenza si addobbano strade, alberi e case, si scambiano doni ed i pi\u00f9 piccoli aspettano <strong>Noel Baba<\/strong>! Il&nbsp;Capodanno&nbsp;non ha nessun significato religioso. Prima dell\u2019era musulmana, i turchi avevano gi\u00e0 una tradizione legata ad un albero decorato chiamato l\u2019<strong>albero della vita<\/strong>. A&nbsp;Nardugan, i pini, simboli d\u2019immortalit\u00e0 nell\u2019antica mitologia turca, venivano decorati ed intorno agli alberi si intonavano cori.<\/p>\n\n\n\n<figure class=\"wp-block-image size-full is-style-rectangular\"><img data-attachment-id=\"644\" data-permalink=\"https:\/\/fontegaiatour.it\/blog\/in-viaggio-con-il-grinch-alcuni-luoghi-nel-mondo-dove-non-si-festeggia-il-natale\/pexels-photo-15512817\/\" data-orig-file=\"https:\/\/i0.wp.com\/fontegaiatour.it\/blog\/wp-content\/uploads\/pexels-photo-15512817.jpeg?fit=1880%2C1255&amp;ssl=1\" data-orig-size=\"1880,1255\" data-comments-opened=\"1\" data-image-meta=\"{&quot;aperture&quot;:&quot;0&quot;,&quot;credit&quot;:&quot;&quot;,&quot;camera&quot;:&quot;&quot;,&quot;caption&quot;:&quot;Photo by Soner Arkan on &lt;a href=\\&quot;https:\\\/\\\/www.pexels.com\\\/photo\\\/fireworks-over-the-maidens-tower-uskudar-istanbul-turkey-15512817\\\/\\&quot; rel=\\&quot;nofollow\\&quot;&gt;Pexels.com&lt;\\\/a&gt;&quot;,&quot;created_timestamp&quot;:&quot;0&quot;,&quot;copyright&quot;:&quot;&quot;,&quot;focal_length&quot;:&quot;0&quot;,&quot;iso&quot;:&quot;0&quot;,&quot;shutter_speed&quot;:&quot;0&quot;,&quot;title&quot;:&quot;fireworks over the maidens tower uskudar istanbul turkey&quot;,&quot;orientation&quot;:&quot;0&quot;}\" data-image-title=\"pexels-photo-15512817\" data-image-description=\"\" data-image-caption=\"&lt;p&gt;Photo by Soner Arkan on &lt;a href=&quot;https:\/\/www.pexels.com\/photo\/fireworks-over-the-maidens-tower-uskudar-istanbul-turkey-15512817\/&quot; rel=&quot;nofollow&quot;&gt;Pexels.com&lt;\/a&gt;&lt;\/p&gt;\n\" data-medium-file=\"https:\/\/i0.wp.com\/fontegaiatour.it\/blog\/wp-content\/uploads\/pexels-photo-15512817.jpeg?fit=300%2C200&amp;ssl=1\" data-large-file=\"https:\/\/i0.wp.com\/fontegaiatour.it\/blog\/wp-content\/uploads\/pexels-photo-15512817.jpeg?fit=760%2C508&amp;ssl=1\" decoding=\"async\" loading=\"lazy\" width=\"760\" height=\"507\" src=\"https:\/\/i0.wp.com\/www.fontegaiatour.it\/blog\/wp-content\/uploads\/pexels-photo-15512817.jpeg?resize=760%2C507&#038;ssl=1\" alt=\"fireworks over the maidens tower uskudar istanbul turkey\" class=\"wp-image-644\" srcset=\"https:\/\/i0.wp.com\/fontegaiatour.it\/blog\/wp-content\/uploads\/pexels-photo-15512817.jpeg?w=1880&amp;ssl=1 1880w, https:\/\/i0.wp.com\/fontegaiatour.it\/blog\/wp-content\/uploads\/pexels-photo-15512817.jpeg?resize=300%2C200&amp;ssl=1 300w, https:\/\/i0.wp.com\/fontegaiatour.it\/blog\/wp-content\/uploads\/pexels-photo-15512817.jpeg?resize=1024%2C684&amp;ssl=1 1024w, https:\/\/i0.wp.com\/fontegaiatour.it\/blog\/wp-content\/uploads\/pexels-photo-15512817.jpeg?resize=768%2C513&amp;ssl=1 768w, https:\/\/i0.wp.com\/fontegaiatour.it\/blog\/wp-content\/uploads\/pexels-photo-15512817.jpeg?resize=1536%2C1025&amp;ssl=1 1536w\" sizes=\"(max-width: 760px) 100vw, 760px\" data-recalc-dims=\"1\" \/><figcaption class=\"wp-element-caption\"><em>Photo by Soner Arkan on <a href=\"https:\/\/www.pexels.com\/photo\/fireworks-over-the-maidens-tower-uskudar-istanbul-turkey-15512817\/\" rel=\"nofollow\">Pexels.com<\/a><\/em><\/figcaption><\/figure>\n\n\n\n<h2 class=\"wp-block-heading\">Thailandia<\/h2>\n\n\n\n<p>Niente Natale tradizionale in Thailandia, dove una delle festivit\u00e0 pi\u00f9 importanti \u00e8 il<strong> Songkran<\/strong>, celebrato tra il 13 e il 15 aprile, che <strong>accomuna i principali paesi buddhisti come Cambogia, Myanmar, Laos, Nepal, la regione dello Yunnan<\/strong>.<\/p>\n\n\n\n<p>Durante la vigilia \u00e8 tradizione pulire a fondo la propria casa e per il Maha Songkran ci si reca in processione al tempio del villaggio per offrire cibo ai monaci e lavare le rappresentazioni del Buddha.&nbsp;Il pomeriggio \u00e8 dedicato ai riti di purificazione: i pi\u00f9 giovani versano dell\u2019acqua profumata nei palmi delle mani e sui piedi degli anziani, in segno di rispetto. Nei giorni successivi i fedeli si recano al tempio con bastoncini di incenso, candele ed acqua profumata da deporre ai piedi dell\u2019altare del Buddha. Si indossano abiti sgargianti e dai colori accesi.<\/p>\n\n\n\n<figure class=\"wp-block-image size-large\"><img decoding=\"async\" src=\"https:\/\/i0.wp.com\/i.natgeofe.com\/k\/d82e50c9-39f4-4276-9163-d6f626a2c3f3\/songkran-textimage_309126046_3x2.jpg?w=760&#038;ssl=1\" alt=\"Natale con il Grinch\" data-recalc-dims=\"1\"\/><figcaption class=\"wp-element-caption\"><em>Songkran: riti di purificazione<\/em><\/figcaption><\/figure>\n\n\n\n<h2 class=\"wp-block-heading\">Il Natale a Cuba<\/h2>\n\n\n\n<p>A Cuba la tradizione del Natale era molto radicata e le famiglie si riunivano a tavola e andavano a messa, fino a quando<strong> il regime di Castro abol\u00ec le festivit\u00e0 natalizie retribuite nel 1969<\/strong>. Ma con la visita di Papa Giovanni Paolo II nel 1998 il \u201cNatale \u00e8 tornato\u201d, ma non come lo intendiamo noi!<\/p>\n\n\n\n<p>Durante la settimana prima di Natale a&nbsp;Villa Clara&nbsp;si celebrano i festeggiamenti di San Juan de los Remedios, con sfilate, musica e fuochi d&#8217;artificio. E poi ci sono i piatti tipici! Immancabile l\u2019arrosto di maialino da latte, servito con varie salse e riso bianco,&nbsp;fagioli neri,&nbsp;insalata&nbsp;o&nbsp;yucca in mojo, una tipica prelibatezza cubana. Non si scambiano regali&nbsp;n\u00e9 alla cena della vigilia n\u00e9 al pranzo di Natale.<\/p>\n\n\n\n<h2 class=\"wp-block-heading\">Bahamas<\/h2>\n\n\n\n<p>Lo spirito natalizio \u00e8 presente alle&nbsp;Bahamas da quando il cristianesimo \u00e8 stato introdotto dai colonialisti europei, ma per i locals la festa pi\u00f9 importante \u00e8 lo<strong> Junkanoo<\/strong>, una parata in maschera che si svolge il 26 dicembre ed il 1 gennaio in cui le strade di Nassau si riempiono di ballerini in costumi tradizionali fatti a mano e musica suonata con tamburi in pelle di capra, campanacci e ottoni. Deriva da una festa&nbsp;celebrata dagli schiavi nel&nbsp;XVI-XVII secolo&nbsp;&nbsp;durante il periodo natalizio, quando venivano concessi loro tre giorni di libert\u00e0 e dunque andavano in maschera di casa in casa, su dei trampoli.<\/p>\n\n\n\n<figure class=\"wp-block-image size-large\"><img decoding=\"async\" src=\"https:\/\/upload.wikimedia.org\/wikipedia\/commons\/0\/0e\/Bahamas_1988_%28122%29_New_Providence_Junkanoo_%2823457370972%29.jpg\" alt=\"Natale con il Grinch\"\/><figcaption class=\"wp-element-caption\"><em>Junkanoo<\/em><\/figcaption><\/figure>\n\n\n\n<p>A Natale alle Bahamas&nbsp;si mangiano torte al cocco, alla frutta, prosciutto cotto, tacchino, piselli e riso, maccheroni al forno, insalata di cavolo,&nbsp;platano&nbsp;e pesce fritto o bollito (in particolare cernia e&nbsp;dentice). E da bere&nbsp;zabaione,&nbsp;limonata&nbsp;e birre locali.<\/p>\n\n\n\n<hr class=\"wp-block-separator has-alpha-channel-opacity is-style-dots\"\/>\n\n\n\n<p>E voi rinuncereste al Natale tradizionale per un di queste festivit\u00e0? <strong>Siete team Babbo Natale o team Grinch?! <\/strong>Scrivetelo nei commenti!<\/p>\n","protected":false},"excerpt":{"rendered":"<p>L\u2019ultima volta ci eravamo lasciati con Babbo Natale che si apprestava a consegnare i doni. Oggi vi condurremo alla scoperta del viaggio compiuto dal suo diretto antagonista, il Grinch!<\/p>\n","protected":false},"author":1,"featured_media":634,"comment_status":"open","ping_status":"open","sticky":false,"template":"","format":"standard","meta":{"jetpack_post_was_ever_published":false,"_jetpack_newsletter_access":"","jetpack_publicize_message":"","jetpack_is_tweetstorm":false,"jetpack_publicize_feature_enabled":true,"jetpack_social_post_already_shared":true,"jetpack_social_options":{"image_generator_settings":{"template":"highway","enabled":false}}},"categories":[3,17],"tags":[7,21,19,15,13],"jetpack_publicize_connections":[],"yoast_head":"<!-- This site is optimized with the Yoast SEO plugin v20.4 - https:\/\/yoast.com\/wordpress\/plugins\/seo\/ -->\n<title>In viaggio con il Grinch dove il Natale non viene festeggiato!<\/title>\n<meta name=\"description\" content=\"L\u2019ultima volta ci eravamo lasciati con Babbo Natale: oggi andremo alla scoperta del viaggio compiuto dal suo diretto antagonista, il Grinch!\" \/>\n<meta name=\"robots\" content=\"index, follow, max-snippet:-1, max-image-preview:large, max-video-preview:-1\" \/>\n<link rel=\"canonical\" href=\"https:\/\/fontegaiatour.it\/blog\/in-viaggio-con-il-grinch-alcuni-luoghi-nel-mondo-dove-non-si-festeggia-il-natale\/\" \/>\n<meta property=\"og:locale\" content=\"it_IT\" \/>\n<meta property=\"og:type\" content=\"article\" \/>\n<meta property=\"og:title\" content=\"In viaggio con il Grinch dove il Natale non viene festeggiato!\" \/>\n<meta property=\"og:description\" content=\"L\u2019ultima volta ci eravamo lasciati con Babbo Natale: oggi andremo alla scoperta del viaggio compiuto dal suo diretto antagonista, il Grinch!\" \/>\n<meta property=\"og:url\" content=\"https:\/\/fontegaiatour.it\/blog\/in-viaggio-con-il-grinch-alcuni-luoghi-nel-mondo-dove-non-si-festeggia-il-natale\/\" \/>\n<meta property=\"og:site_name\" content=\"Fonte Gaia Tour Blog Italiano\" \/>\n<meta property=\"article:publisher\" content=\"https:\/\/www.facebook.com\/fontegaiatour\" \/>\n<meta property=\"article:published_time\" content=\"2023-12-06T07:00:00+00:00\" \/>\n<meta property=\"article:modified_time\" content=\"2024-07-25T23:56:09+00:00\" \/>\n<meta property=\"og:image\" content=\"https:\/\/i0.wp.com\/fontegaiatour.it\/blog\/wp-content\/uploads\/viaggio_grinch_03.jpeg?fit=1606%2C1072&ssl=1\" \/>\n\t<meta property=\"og:image:width\" content=\"1606\" \/>\n\t<meta property=\"og:image:height\" content=\"1072\" \/>\n\t<meta property=\"og:image:type\" content=\"image\/jpeg\" \/>\n<meta name=\"author\" content=\"Fonte Gaia\" \/>\n<meta name=\"twitter:card\" content=\"summary_large_image\" \/>\n<meta name=\"twitter:label1\" content=\"Scritto da\" \/>\n\t<meta name=\"twitter:data1\" content=\"Fonte Gaia\" \/>\n\t<meta name=\"twitter:label2\" content=\"Tempo di lettura stimato\" \/>\n\t<meta name=\"twitter:data2\" content=\"8 minuti\" \/>\n<script type=\"application\/ld+json\" class=\"yoast-schema-graph\">{\"@context\":\"https:\/\/schema.org\",\"@graph\":[{\"@type\":\"Article\",\"@id\":\"https:\/\/fontegaiatour.it\/blog\/in-viaggio-con-il-grinch-alcuni-luoghi-nel-mondo-dove-non-si-festeggia-il-natale\/#article\",\"isPartOf\":{\"@id\":\"https:\/\/fontegaiatour.it\/blog\/in-viaggio-con-il-grinch-alcuni-luoghi-nel-mondo-dove-non-si-festeggia-il-natale\/\"},\"author\":{\"name\":\"Fonte Gaia\",\"@id\":\"https:\/\/fontegaiatour.it\/blog\/#\/schema\/person\/7fd1be53eef199549ba498d81cfebb05\"},\"headline\":\"In viaggio con il Grinch: alcuni luoghi del mondo dove non si festeggia il Natale!\",\"datePublished\":\"2023-12-06T07:00:00+00:00\",\"dateModified\":\"2024-07-25T23:56:09+00:00\",\"mainEntityOfPage\":{\"@id\":\"https:\/\/fontegaiatour.it\/blog\/in-viaggio-con-il-grinch-alcuni-luoghi-nel-mondo-dove-non-si-festeggia-il-natale\/\"},\"wordCount\":1128,\"commentCount\":0,\"publisher\":{\"@id\":\"https:\/\/fontegaiatour.it\/blog\/#organization\"},\"keywords\":[\"consigli di viaggio\",\"curiosit\u00e0 dal mondo\",\"tradizioni e cultura\",\"vacanza in inverno\",\"viaggiare per vivere\"],\"articleSection\":[\"Consigli di viaggio\",\"Viaggi nel mondo\"],\"inLanguage\":\"it-IT\",\"potentialAction\":[{\"@type\":\"CommentAction\",\"name\":\"Comment\",\"target\":[\"https:\/\/fontegaiatour.it\/blog\/in-viaggio-con-il-grinch-alcuni-luoghi-nel-mondo-dove-non-si-festeggia-il-natale\/#respond\"]}]},{\"@type\":\"WebPage\",\"@id\":\"https:\/\/fontegaiatour.it\/blog\/in-viaggio-con-il-grinch-alcuni-luoghi-nel-mondo-dove-non-si-festeggia-il-natale\/\",\"url\":\"https:\/\/fontegaiatour.it\/blog\/in-viaggio-con-il-grinch-alcuni-luoghi-nel-mondo-dove-non-si-festeggia-il-natale\/\",\"name\":\"In viaggio con il Grinch dove il Natale non viene festeggiato!\",\"isPartOf\":{\"@id\":\"https:\/\/fontegaiatour.it\/blog\/#website\"},\"datePublished\":\"2023-12-06T07:00:00+00:00\",\"dateModified\":\"2024-07-25T23:56:09+00:00\",\"description\":\"L\u2019ultima volta ci eravamo lasciati con Babbo Natale: oggi andremo alla scoperta del viaggio compiuto dal suo diretto antagonista, il Grinch!\",\"breadcrumb\":{\"@id\":\"https:\/\/fontegaiatour.it\/blog\/in-viaggio-con-il-grinch-alcuni-luoghi-nel-mondo-dove-non-si-festeggia-il-natale\/#breadcrumb\"},\"inLanguage\":\"it-IT\",\"potentialAction\":[{\"@type\":\"ReadAction\",\"target\":[\"https:\/\/fontegaiatour.it\/blog\/in-viaggio-con-il-grinch-alcuni-luoghi-nel-mondo-dove-non-si-festeggia-il-natale\/\"]}]},{\"@type\":\"BreadcrumbList\",\"@id\":\"https:\/\/fontegaiatour.it\/blog\/in-viaggio-con-il-grinch-alcuni-luoghi-nel-mondo-dove-non-si-festeggia-il-natale\/#breadcrumb\",\"itemListElement\":[{\"@type\":\"ListItem\",\"position\":1,\"name\":\"Home\",\"item\":\"https:\/\/fontegaiatour.it\/blog\/\"},{\"@type\":\"ListItem\",\"position\":2,\"name\":\"In viaggio con il Grinch: alcuni luoghi del mondo dove non si festeggia il Natale!\"}]},{\"@type\":\"WebSite\",\"@id\":\"https:\/\/fontegaiatour.it\/blog\/#website\",\"url\":\"https:\/\/fontegaiatour.it\/blog\/\",\"name\":\"Fonte Gaia Tour Blog Italiano\",\"description\":\"Tour operator ed Agenzia di Viaggi per viaggi su misura in Italia e nel mondo\",\"publisher\":{\"@id\":\"https:\/\/fontegaiatour.it\/blog\/#organization\"},\"potentialAction\":[{\"@type\":\"SearchAction\",\"target\":{\"@type\":\"EntryPoint\",\"urlTemplate\":\"https:\/\/fontegaiatour.it\/blog\/?s={search_term_string}\"},\"query-input\":\"required name=search_term_string\"}],\"inLanguage\":\"it-IT\"},{\"@type\":\"Organization\",\"@id\":\"https:\/\/fontegaiatour.it\/blog\/#organization\",\"name\":\"Fonte Gaia Tour\",\"url\":\"https:\/\/fontegaiatour.it\/blog\/\",\"logo\":{\"@type\":\"ImageObject\",\"inLanguage\":\"it-IT\",\"@id\":\"https:\/\/fontegaiatour.it\/blog\/#\/schema\/logo\/image\/\",\"url\":\"https:\/\/i0.wp.com\/www.fontegaiatour.it\/blog\/wp-content\/uploads\/logo_social.jpg?fit=500%2C500&ssl=1\",\"contentUrl\":\"https:\/\/i0.wp.com\/www.fontegaiatour.it\/blog\/wp-content\/uploads\/logo_social.jpg?fit=500%2C500&ssl=1\",\"width\":500,\"height\":500,\"caption\":\"Fonte Gaia Tour\"},\"image\":{\"@id\":\"https:\/\/fontegaiatour.it\/blog\/#\/schema\/logo\/image\/\"},\"sameAs\":[\"https:\/\/www.facebook.com\/fontegaiatour\",\"https:\/\/www.instagram.com\/fontegaiatour\/\"]},{\"@type\":\"Person\",\"@id\":\"https:\/\/fontegaiatour.it\/blog\/#\/schema\/person\/7fd1be53eef199549ba498d81cfebb05\",\"name\":\"Fonte Gaia\",\"image\":{\"@type\":\"ImageObject\",\"inLanguage\":\"it-IT\",\"@id\":\"https:\/\/fontegaiatour.it\/blog\/#\/schema\/person\/image\/\",\"url\":\"https:\/\/secure.gravatar.com\/avatar\/065ad765e2d0a5671e3e15fa1903b315?s=96&d=mm&r=g\",\"contentUrl\":\"https:\/\/secure.gravatar.com\/avatar\/065ad765e2d0a5671e3e15fa1903b315?s=96&d=mm&r=g\",\"caption\":\"Fonte Gaia\"}}]}<\/script>\n<!-- \/ Yoast SEO plugin. -->","yoast_head_json":{"title":"In viaggio con il Grinch dove il Natale non viene festeggiato!","description":"L\u2019ultima volta ci eravamo lasciati con Babbo Natale: oggi andremo alla scoperta del viaggio compiuto dal suo diretto antagonista, il Grinch!","robots":{"index":"index","follow":"follow","max-snippet":"max-snippet:-1","max-image-preview":"max-image-preview:large","max-video-preview":"max-video-preview:-1"},"canonical":"https:\/\/fontegaiatour.it\/blog\/in-viaggio-con-il-grinch-alcuni-luoghi-nel-mondo-dove-non-si-festeggia-il-natale\/","og_locale":"it_IT","og_type":"article","og_title":"In viaggio con il Grinch dove il Natale non viene festeggiato!","og_description":"L\u2019ultima volta ci eravamo lasciati con Babbo Natale: oggi andremo alla scoperta del viaggio compiuto dal suo diretto antagonista, il Grinch!","og_url":"https:\/\/fontegaiatour.it\/blog\/in-viaggio-con-il-grinch-alcuni-luoghi-nel-mondo-dove-non-si-festeggia-il-natale\/","og_site_name":"Fonte Gaia Tour Blog Italiano","article_publisher":"https:\/\/www.facebook.com\/fontegaiatour","article_published_time":"2023-12-06T07:00:00+00:00","article_modified_time":"2024-07-25T23:56:09+00:00","og_image":[{"width":1606,"height":1072,"url":"https:\/\/i0.wp.com\/fontegaiatour.it\/blog\/wp-content\/uploads\/viaggio_grinch_03.jpeg?fit=1606%2C1072&ssl=1","type":"image\/jpeg"}],"author":"Fonte Gaia","twitter_card":"summary_large_image","twitter_misc":{"Scritto da":"Fonte Gaia","Tempo di lettura stimato":"8 minuti"},"schema":{"@context":"https:\/\/schema.org","@graph":[{"@type":"Article","@id":"https:\/\/fontegaiatour.it\/blog\/in-viaggio-con-il-grinch-alcuni-luoghi-nel-mondo-dove-non-si-festeggia-il-natale\/#article","isPartOf":{"@id":"https:\/\/fontegaiatour.it\/blog\/in-viaggio-con-il-grinch-alcuni-luoghi-nel-mondo-dove-non-si-festeggia-il-natale\/"},"author":{"name":"Fonte Gaia","@id":"https:\/\/fontegaiatour.it\/blog\/#\/schema\/person\/7fd1be53eef199549ba498d81cfebb05"},"headline":"In viaggio con il Grinch: alcuni luoghi del mondo dove non si festeggia il Natale!","datePublished":"2023-12-06T07:00:00+00:00","dateModified":"2024-07-25T23:56:09+00:00","mainEntityOfPage":{"@id":"https:\/\/fontegaiatour.it\/blog\/in-viaggio-con-il-grinch-alcuni-luoghi-nel-mondo-dove-non-si-festeggia-il-natale\/"},"wordCount":1128,"commentCount":0,"publisher":{"@id":"https:\/\/fontegaiatour.it\/blog\/#organization"},"keywords":["consigli di viaggio","curiosit\u00e0 dal mondo","tradizioni e cultura","vacanza in inverno","viaggiare per vivere"],"articleSection":["Consigli di viaggio","Viaggi nel mondo"],"inLanguage":"it-IT","potentialAction":[{"@type":"CommentAction","name":"Comment","target":["https:\/\/fontegaiatour.it\/blog\/in-viaggio-con-il-grinch-alcuni-luoghi-nel-mondo-dove-non-si-festeggia-il-natale\/#respond"]}]},{"@type":"WebPage","@id":"https:\/\/fontegaiatour.it\/blog\/in-viaggio-con-il-grinch-alcuni-luoghi-nel-mondo-dove-non-si-festeggia-il-natale\/","url":"https:\/\/fontegaiatour.it\/blog\/in-viaggio-con-il-grinch-alcuni-luoghi-nel-mondo-dove-non-si-festeggia-il-natale\/","name":"In viaggio con il Grinch dove il Natale non viene festeggiato!","isPartOf":{"@id":"https:\/\/fontegaiatour.it\/blog\/#website"},"datePublished":"2023-12-06T07:00:00+00:00","dateModified":"2024-07-25T23:56:09+00:00","description":"L\u2019ultima volta ci eravamo lasciati con Babbo Natale: oggi andremo alla scoperta del viaggio compiuto dal suo diretto antagonista, il Grinch!","breadcrumb":{"@id":"https:\/\/fontegaiatour.it\/blog\/in-viaggio-con-il-grinch-alcuni-luoghi-nel-mondo-dove-non-si-festeggia-il-natale\/#breadcrumb"},"inLanguage":"it-IT","potentialAction":[{"@type":"ReadAction","target":["https:\/\/fontegaiatour.it\/blog\/in-viaggio-con-il-grinch-alcuni-luoghi-nel-mondo-dove-non-si-festeggia-il-natale\/"]}]},{"@type":"BreadcrumbList","@id":"https:\/\/fontegaiatour.it\/blog\/in-viaggio-con-il-grinch-alcuni-luoghi-nel-mondo-dove-non-si-festeggia-il-natale\/#breadcrumb","itemListElement":[{"@type":"ListItem","position":1,"name":"Home","item":"https:\/\/fontegaiatour.it\/blog\/"},{"@type":"ListItem","position":2,"name":"In viaggio con il Grinch: alcuni luoghi del mondo dove non si festeggia il Natale!"}]},{"@type":"WebSite","@id":"https:\/\/fontegaiatour.it\/blog\/#website","url":"https:\/\/fontegaiatour.it\/blog\/","name":"Fonte Gaia Tour Blog Italiano","description":"Tour operator ed Agenzia di Viaggi per viaggi su misura in Italia e nel mondo","publisher":{"@id":"https:\/\/fontegaiatour.it\/blog\/#organization"},"potentialAction":[{"@type":"SearchAction","target":{"@type":"EntryPoint","urlTemplate":"https:\/\/fontegaiatour.it\/blog\/?s={search_term_string}"},"query-input":"required name=search_term_string"}],"inLanguage":"it-IT"},{"@type":"Organization","@id":"https:\/\/fontegaiatour.it\/blog\/#organization","name":"Fonte Gaia Tour","url":"https:\/\/fontegaiatour.it\/blog\/","logo":{"@type":"ImageObject","inLanguage":"it-IT","@id":"https:\/\/fontegaiatour.it\/blog\/#\/schema\/logo\/image\/","url":"https:\/\/i0.wp.com\/www.fontegaiatour.it\/blog\/wp-content\/uploads\/logo_social.jpg?fit=500%2C500&ssl=1","contentUrl":"https:\/\/i0.wp.com\/www.fontegaiatour.it\/blog\/wp-content\/uploads\/logo_social.jpg?fit=500%2C500&ssl=1","width":500,"height":500,"caption":"Fonte Gaia Tour"},"image":{"@id":"https:\/\/fontegaiatour.it\/blog\/#\/schema\/logo\/image\/"},"sameAs":["https:\/\/www.facebook.com\/fontegaiatour","https:\/\/www.instagram.com\/fontegaiatour\/"]},{"@type":"Person","@id":"https:\/\/fontegaiatour.it\/blog\/#\/schema\/person\/7fd1be53eef199549ba498d81cfebb05","name":"Fonte Gaia","image":{"@type":"ImageObject","inLanguage":"it-IT","@id":"https:\/\/fontegaiatour.it\/blog\/#\/schema\/person\/image\/","url":"https:\/\/secure.gravatar.com\/avatar\/065ad765e2d0a5671e3e15fa1903b315?s=96&d=mm&r=g","contentUrl":"https:\/\/secure.gravatar.com\/avatar\/065ad765e2d0a5671e3e15fa1903b315?s=96&d=mm&r=g","caption":"Fonte Gaia"}}]}},"jetpack_featured_media_url":"https:\/\/i0.wp.com\/fontegaiatour.it\/blog\/wp-content\/uploads\/viaggio_grinch_03.jpeg?fit=1606%2C1072&ssl=1","jetpack_sharing_enabled":true,"jetpack_shortlink":"https:\/\/wp.me\/pa7rwK-aa","jetpack-related-posts":[{"id":185,"url":"https:\/\/fontegaiatour.it\/blog\/10-mete-di-viaggio-insolite-per-natale\/","url_meta":{"origin":630,"position":0},"title":"10 mete nel mondo dove trascorrere un Natale fuori dall\u2019ordinario","author":"Fonte Gaia","date":"9 Novembre 2022","format":false,"excerpt":"Mancano 45 giorni a Natale e cosa c\u2019\u00e8 di meglio per festeggiare che regalarsi il mondo? Ma non le solite destinazioni natalizie! Oggi vi consigliamo 10 mete di viaggio per Natale a cui non avete mai pensato.","rel":"","context":"In &quot;Consigli di viaggio&quot;","block_context":{"text":"Consigli di viaggio","link":"https:\/\/fontegaiatour.it\/blog\/category\/consigli-di-viaggio\/"},"img":{"alt_text":"Decorazioni di Natale","src":"https:\/\/i0.wp.com\/fontegaiatour.it\/blog\/wp-content\/uploads\/christmas-gbbb854d82_1280.jpg?fit=1200%2C900&ssl=1&resize=350%2C200","width":350,"height":200,"srcset":"https:\/\/i0.wp.com\/fontegaiatour.it\/blog\/wp-content\/uploads\/christmas-gbbb854d82_1280.jpg?fit=1200%2C900&ssl=1&resize=350%2C200 1x, https:\/\/i0.wp.com\/fontegaiatour.it\/blog\/wp-content\/uploads\/christmas-gbbb854d82_1280.jpg?fit=1200%2C900&ssl=1&resize=700%2C400 2x, https:\/\/i0.wp.com\/fontegaiatour.it\/blog\/wp-content\/uploads\/christmas-gbbb854d82_1280.jpg?fit=1200%2C900&ssl=1&resize=1050%2C600 3x"},"classes":[]},{"id":1761,"url":"https:\/\/fontegaiatour.it\/blog\/il-primo-viaggio-de-lo-youtubero-con-leo-silvia-la-lapponia\/","url_meta":{"origin":630,"position":1},"title":"Il primo viaggio dello Youtubero con Leo &#038; Silvia: la Lapponia","author":"Fonte Gaia","date":"8 Novembre 2025","format":false,"excerpt":"Lo Youtubero ha deciso di \u201cmettersi in viaggio \u201c attraverso il suo alter ego digitale e partire alla scoperta del mondo, verso l\u2019avventura e l\u2019ignoto. Il primo viaggio ci porta in Lapponia, tra renne, Sami e Babbo Natale!","rel":"","context":"In &quot;Lo Youtubero&quot;","block_context":{"text":"Lo Youtubero","link":"https:\/\/fontegaiatour.it\/blog\/category\/youtubero\/"},"img":{"alt_text":"youtubero","src":"https:\/\/i0.wp.com\/fontegaiatour.it\/blog\/wp-content\/uploads\/Youtubero.png?fit=1200%2C675&ssl=1&resize=350%2C200","width":350,"height":200,"srcset":"https:\/\/i0.wp.com\/fontegaiatour.it\/blog\/wp-content\/uploads\/Youtubero.png?fit=1200%2C675&ssl=1&resize=350%2C200 1x, https:\/\/i0.wp.com\/fontegaiatour.it\/blog\/wp-content\/uploads\/Youtubero.png?fit=1200%2C675&ssl=1&resize=700%2C400 2x, https:\/\/i0.wp.com\/fontegaiatour.it\/blog\/wp-content\/uploads\/Youtubero.png?fit=1200%2C675&ssl=1&resize=1050%2C600 3x"},"classes":[]},{"id":209,"url":"https:\/\/fontegaiatour.it\/blog\/leggende-macabre-di-natale-in-europa\/","url_meta":{"origin":630,"position":2},"title":"The \u201ctravel\u201d before Christmas: viaggio nei luoghi che mostrano il lato oscuro del Natale!","author":"Fonte Gaia","date":"7 Dicembre 2022","format":false,"excerpt":"Non sempre Natale fa rima con felicit\u00e0, specialmente quando si parla delle storie per far stare i bambini buoni a Natale.","rel":"","context":"In &quot;Consigli di viaggio&quot;","block_context":{"text":"Consigli di viaggio","link":"https:\/\/fontegaiatour.it\/blog\/category\/consigli-di-viaggio\/"},"img":{"alt_text":"Krampus","src":"https:\/\/i0.wp.com\/fontegaiatour.it\/blog\/wp-content\/uploads\/masks-g04b6e98cb_1280.jpg?fit=1200%2C800&ssl=1&resize=350%2C200","width":350,"height":200,"srcset":"https:\/\/i0.wp.com\/fontegaiatour.it\/blog\/wp-content\/uploads\/masks-g04b6e98cb_1280.jpg?fit=1200%2C800&ssl=1&resize=350%2C200 1x, https:\/\/i0.wp.com\/fontegaiatour.it\/blog\/wp-content\/uploads\/masks-g04b6e98cb_1280.jpg?fit=1200%2C800&ssl=1&resize=700%2C400 2x, https:\/\/i0.wp.com\/fontegaiatour.it\/blog\/wp-content\/uploads\/masks-g04b6e98cb_1280.jpg?fit=1200%2C800&ssl=1&resize=1050%2C600 3x"},"classes":[]},{"id":593,"url":"https:\/\/fontegaiatour.it\/blog\/travel-babber-quando-il-travel-planner-e-babbo-natale\/","url_meta":{"origin":630,"position":3},"title":"Travel \u201cBabber\u201d: quando il Travel Planner \u00e8 Babbo Natale!","author":"Fonte Gaia","date":"8 Novembre 2023","format":false,"excerpt":"Travel Babber, ovvero Babbo Natale Travel Planner che pianifica il suo itinerario! Immaginiamo la rotta che potrebbe percorrere partendo da Rovaniemi, il paese dove si trova la sua casa, fino al nostro paese, l\u2019Italia!","rel":"","context":"In &quot;Viaggi nel mondo&quot;","block_context":{"text":"Viaggi nel mondo","link":"https:\/\/fontegaiatour.it\/blog\/category\/viaggi-nel-mondo\/"},"img":{"alt_text":"Travel Babber - Babbo Natale Travel Planner","src":"https:\/\/i0.wp.com\/fontegaiatour.it\/blog\/wp-content\/uploads\/IMG_7070.jpg?fit=923%2C659&ssl=1&resize=350%2C200","width":350,"height":200,"srcset":"https:\/\/i0.wp.com\/fontegaiatour.it\/blog\/wp-content\/uploads\/IMG_7070.jpg?fit=923%2C659&ssl=1&resize=350%2C200 1x, https:\/\/i0.wp.com\/fontegaiatour.it\/blog\/wp-content\/uploads\/IMG_7070.jpg?fit=923%2C659&ssl=1&resize=700%2C400 2x"},"classes":[]},{"id":173,"url":"https:\/\/fontegaiatour.it\/blog\/perche-scegliere-la-finlandia-per-le-vacanze-di-natale\/","url_meta":{"origin":630,"position":4},"title":"Perch\u00e9 dovresti scegliere la Finlandia per le tue prossime vacanze di Natale","author":"Fonte Gaia","date":"26 Ottobre 2022","format":false,"excerpt":"Abbiamo chiesto al nostro collega finlandese perch\u00e8 scegliere la Finlandia e la Lapponia per le vacanze di Natale \u00e8 una buona idea.","rel":"","context":"In &quot;Consigli di viaggio&quot;","block_context":{"text":"Consigli di viaggio","link":"https:\/\/fontegaiatour.it\/blog\/category\/consigli-di-viaggio\/"},"img":{"alt_text":"Lapponia","src":"https:\/\/i0.wp.com\/fontegaiatour.it\/blog\/wp-content\/uploads\/syo\u0308tesunrise.jpg?fit=1200%2C801&ssl=1&resize=350%2C200","width":350,"height":200,"srcset":"https:\/\/i0.wp.com\/fontegaiatour.it\/blog\/wp-content\/uploads\/syo\u0308tesunrise.jpg?fit=1200%2C801&ssl=1&resize=350%2C200 1x, https:\/\/i0.wp.com\/fontegaiatour.it\/blog\/wp-content\/uploads\/syo\u0308tesunrise.jpg?fit=1200%2C801&ssl=1&resize=700%2C400 2x, https:\/\/i0.wp.com\/fontegaiatour.it\/blog\/wp-content\/uploads\/syo\u0308tesunrise.jpg?fit=1200%2C801&ssl=1&resize=1050%2C600 3x"},"classes":[]},{"id":609,"url":"https:\/\/fontegaiatour.it\/blog\/travel-babber-part-2-tutto-quello-che-non-sapete-sulle-soste-segrete-di-babbo-natale\/","url_meta":{"origin":630,"position":5},"title":"Travel &#8220;Babber&#8221;, part 2: tutto quello che non sapete sulle soste segrete di Babbo Natale!","author":"Fonte Gaia","date":"22 Novembre 2023","format":false,"excerpt":"Nell\u2019ultimo post avevamo lasciato Babbo Natale a destinazione mentre, giunto nel nostro paese, consegnava i doni ai bambini buoni! Siete curiosi di sapere cosa ha fatto l\u2019ultima volta durante il suo viaggio?!","rel":"","context":"In &quot;Consigli di viaggio&quot;","block_context":{"text":"Consigli di viaggio","link":"https:\/\/fontegaiatour.it\/blog\/category\/consigli-di-viaggio\/"},"img":{"alt_text":"Babbo Natale","src":"https:\/\/i0.wp.com\/fontegaiatour.it\/blog\/wp-content\/uploads\/travel_babber_2_05.jpg?fit=676%2C380&ssl=1&resize=350%2C200","width":350,"height":200},"classes":[]}],"_links":{"self":[{"href":"https:\/\/fontegaiatour.it\/blog\/wp-json\/wp\/v2\/posts\/630"}],"collection":[{"href":"https:\/\/fontegaiatour.it\/blog\/wp-json\/wp\/v2\/posts"}],"about":[{"href":"https:\/\/fontegaiatour.it\/blog\/wp-json\/wp\/v2\/types\/post"}],"author":[{"embeddable":true,"href":"https:\/\/fontegaiatour.it\/blog\/wp-json\/wp\/v2\/users\/1"}],"replies":[{"embeddable":true,"href":"https:\/\/fontegaiatour.it\/blog\/wp-json\/wp\/v2\/comments?post=630"}],"version-history":[{"count":5,"href":"https:\/\/fontegaiatour.it\/blog\/wp-json\/wp\/v2\/posts\/630\/revisions"}],"predecessor-version":[{"id":647,"href":"https:\/\/fontegaiatour.it\/blog\/wp-json\/wp\/v2\/posts\/630\/revisions\/647"}],"wp:featuredmedia":[{"embeddable":true,"href":"https:\/\/fontegaiatour.it\/blog\/wp-json\/wp\/v2\/media\/634"}],"wp:attachment":[{"href":"https:\/\/fontegaiatour.it\/blog\/wp-json\/wp\/v2\/media?parent=630"}],"wp:term":[{"taxonomy":"category","embeddable":true,"href":"https:\/\/fontegaiatour.it\/blog\/wp-json\/wp\/v2\/categories?post=630"},{"taxonomy":"post_tag","embeddable":true,"href":"https:\/\/fontegaiatour.it\/blog\/wp-json\/wp\/v2\/tags?post=630"}],"curies":[{"name":"wp","href":"https:\/\/api.w.org\/{rel}","templated":true}]}}